{"id":59880,"date":"2019-09-12T10:24:10","date_gmt":"2019-09-12T13:24:10","guid":{"rendered":"https:\/\/eldiariodesanpedro.com.ar\/sitio\/?p=59880"},"modified":"2019-09-12T10:24:15","modified_gmt":"2019-09-12T13:24:15","slug":"campana-atropello-a-un-barrendero-y-amenazo-con-tirarse-de-un-puente","status":"publish","type":"post","link":"https:\/\/eldiariodesanpedro.com.ar\/sitio\/campana-atropello-a-un-barrendero-y-amenazo-con-tirarse-de-un-puente\/","title":{"rendered":"CAMPANA | Atropell\u00f3 a un barrendero y amenaz\u00f3 con tirarse de un puente"},"content":{"rendered":"<!-- VideographyWP Plugin Message: Automatic video embedding prevented by plugin options. -->\n\n<p> Todo, fue protagonizado por una automovilista, esta ma\u00f1ana. Seg\u00fan vecinos, conduc\u00eda en estado de ebriedad cuando en la esquina de Av. Varela y Alberdi impact\u00f3 a personal de limpieza urbana. La conductora permaneci\u00f3 un buen rato en el interior del veh\u00edculo, hasta que el mismo fue secuestrado. Luego, en el puente del Arco amenaz\u00f3 con arrojarse, pero fue contenida por la Polic\u00eda y un familiar.<\/p>\n\n\n\n<p>\n\nUna mujer protagoniz\u00f3 una verdadera ma\u00f1ana de furia, primero, al embestir con su auto a un barrendero, y luego, tras permanecer en el interior del veh\u00edculo un buen rato, amenaz\u00f3 con atentar contra su vida en el puente del Arco.<\/p>\n\n\n\n<p>A bordo de un VW Gol, la vecina (de nombre Ver\u00f3nica) habr\u00eda golpeado con el veh\u00edculo a Carlos Hassell, empleado de Agrot\u00e9cnica Fueguina, quien debi\u00f3 ser hospitalizado con politraumatismos, y luego derivado a la Cl\u00ednica Delta por su ART.<\/p>\n\n\n\n<p>Personal de Tr\u00e1nsito y Polic\u00eda demoraron a la automovilista en la esquina de Alberdi y Av. Varela, la cual, seg\u00fan testimonio de vecinos, estar\u00eda alcoholizada o bajo los efectos de alguna sustancia. Incluso, testimonios indican que habr\u00eda intentado marcharse, pero trabajadores de una agencia de remises lograron impedirlo. La conductora permaneci\u00f3 en el veh\u00edculo durante un rato, hasta que finalmente el rodado fue secuestrado.<\/p>\n\n\n\n<p>Pero poco despu\u00e9s, un llamado al 911 alert\u00f3 sobre la presencia de la mujer en la zona del puente del Arco, donde amenazaba con atentar contra su vida, seg\u00fan trascendi\u00f3. Dos m\u00f3viles policiales llegaron hasta el lugar, donde la automovilista se encontraba tranquila, fumando.<\/p>\n\n\n\n<p>Finalmente, un familiar se hizo presente en el lugar y la puso a resguardo. Por su parte, el trabajador herido se recupera favorablemente. <\/p>\n\n\n\n<p><strong>Fuente<\/strong>: Campana Noticias<\/p>\n","protected":false},"excerpt":{"rendered":"<p>Todo, fue protagonizado por una automovilista, esta ma\u00f1ana. Seg\u00fan vecinos, conduc\u00eda en estado de ebriedad cuando en la esquina de Av. Varela y Alberdi impact\u00f3 a personal de limpieza urbana. La conductora permaneci\u00f3 un buen rato en el interior del veh\u00edculo, hasta que el mismo fue secuestrado. Luego, en el puente del Arco amenaz\u00f3 con [&hellip;]<\/p>\n","protected":false},"author":4,"featured_media":59881,"comment_status":"open","ping_status":"closed","sticky":false,"template":"","format":"standard","meta":{"om_disable_all_campaigns":false,"_jetpack_memberships_contains_paid_content":false,"footnotes":""},"categories":[621],"tags":[],"class_list":["post-59880","post","type-post","status-publish","format-standard","has-post-thumbnail","hentry","category-regionales"],"aioseo_notices":[],"gutentor_comment":0,"jetpack_featured_media_url":"https:\/\/eldiariodesanpedro.com.ar\/sitio\/wp-content\/uploads\/2019\/09\/20190911080049.jpg","jetpack_shortlink":"https:\/\/wp.me\/p6RhLt-fzO","jetpack_sharing_enabled":true,"_links":{"self":[{"href":"https:\/\/eldiariodesanpedro.com.ar\/sitio\/wp-json\/wp\/v2\/posts\/59880","targetHints":{"allow":["GET"]}}],"collection":[{"href":"https:\/\/eldiariodesanpedro.com.ar\/sitio\/wp-json\/wp\/v2\/posts"}],"about":[{"href":"https:\/\/eldiariodesanpedro.com.ar\/sitio\/wp-json\/wp\/v2\/types\/post"}],"author":[{"embeddable":true,"href":"https:\/\/eldiariodesanpedro.com.ar\/sitio\/wp-json\/wp\/v2\/users\/4"}],"replies":[{"embeddable":true,"href":"https:\/\/eldiariodesanpedro.com.ar\/sitio\/wp-json\/wp\/v2\/comments?post=59880"}],"version-history":[{"count":1,"href":"https:\/\/eldiariodesanpedro.com.ar\/sitio\/wp-json\/wp\/v2\/posts\/59880\/revisions"}],"predecessor-version":[{"id":59882,"href":"https:\/\/eldiariodesanpedro.com.ar\/sitio\/wp-json\/wp\/v2\/posts\/59880\/revisions\/59882"}],"wp:featuredmedia":[{"embeddable":true,"href":"https:\/\/eldiariodesanpedro.com.ar\/sitio\/wp-json\/wp\/v2\/media\/59881"}],"wp:attachment":[{"href":"https:\/\/eldiariodesanpedro.com.ar\/sitio\/wp-json\/wp\/v2\/media?parent=59880"}],"wp:term":[{"taxonomy":"category","embeddable":true,"href":"https:\/\/eldiariodesanpedro.com.ar\/sitio\/wp-json\/wp\/v2\/categories?post=59880"},{"taxonomy":"post_tag","embeddable":true,"href":"https:\/\/eldiariodesanpedro.com.ar\/sitio\/wp-json\/wp\/v2\/tags?post=59880"}],"curies":[{"name":"wp","href":"https:\/\/api.w.org\/{rel}","templated":true}]}}