{"id":59877,"date":"2019-09-12T10:22:33","date_gmt":"2019-09-12T13:22:33","guid":{"rendered":"https:\/\/eldiariodesanpedro.com.ar\/sitio\/?p=59877"},"modified":"2019-09-12T10:22:37","modified_gmt":"2019-09-12T13:22:37","slug":"campana-cristina-kirchner-le-respondio-a-un-trabajador-de-honda-fuerza-que-si-todos-tiramos-para-el-mismo-lado-las-cosas-van-a-cambiar","status":"publish","type":"post","link":"https:\/\/eldiariodesanpedro.com.ar\/sitio\/campana-cristina-kirchner-le-respondio-a-un-trabajador-de-honda-fuerza-que-si-todos-tiramos-para-el-mismo-lado-las-cosas-van-a-cambiar\/","title":{"rendered":"CAMPANA | Cristina Kirchner le respondi\u00f3 a un trabajador de Honda: \u201cfuerza que si todos tiramos para el mismo lado las cosas van a cambiar\u201d"},"content":{"rendered":"<!-- VideographyWP Plugin Message: Automatic video embedding prevented by plugin options. -->\n\n<p>Lucas es un trabajador de la f\u00e1brica automotriz Honda de Campana que en las pr\u00f3ximas semanas comenzar\u00e1 con el cierre del sector de autos. Eso implica una reducci\u00f3n del personal que afectar\u00e1 a 500 trabajadores.<\/p>\n\n\n\n<p>En un momento de su descanso, Lucas le expres\u00f3 su preocupaci\u00f3n a Cristina Fern\u00e1ndez de Kirchner, actual candidata a vicepresidenta de la Naci\u00f3n en la f\u00f3rmula con Alberto Fern\u00e1ndez por el espacio del Frente de Todos. El joven trabajador adem\u00e1s le relat\u00f3 su historia familiar y la dif\u00edcil situaci\u00f3n que est\u00e1n viviendo actualmente responsabilizando al actual Gobierno.<\/p>\n\n\n\n<p>El mensaje lleg\u00f3 a la ex presidenta quien le respondi\u00f3\u00a0<strong>\u201cvos y tu familia son un compendio de nuestras pol\u00edticas\u201d<\/strong>\u00a0luego le aclar\u00f3 que \u201cN\u00e9stor plant\u00f3 el \u00e1rbol en Honda al final de su mandato y cuatro a\u00f1os despu\u00e9s yo la fui a inaugurar\u201d. Al mismo tiempo destac\u00f3 los logros alcanzados por Lucas y su familia durante su Gobierno y a\u00f1adi\u00f3\u00a0<strong>\u201ces una caricia para el alma y yo tambi\u00e9n tengo que darte las gracias y fuerzas que las cosas, si todos tiramos para el mismo lado, van a tener que cambiar, beso enorme, gigante\u201d.<\/strong><\/p>\n\n\n\n<p>A mediados de este a\u00f1o la empresa automotriz inform\u00f3 que a partir de 2020 dejar\u00e1 de fabricar autos en Argentina&nbsp;para dedicarse exclusivamente a la&nbsp;<strong>producci\u00f3n de motos.<\/strong>&nbsp;La automotriz no se explay\u00f3 en los motivos de la decisi\u00f3n, y sostuvo en un comunicado que fue el resultado de un&nbsp;<strong>\u201can\u00e1lisis global\u201d<\/strong>. Por lo que 500 empleados quedar\u00e1n sin sus puestos de trabajo.<\/p>\n\n\n\n<p>El anuncio se dio en un contexto de&nbsp;<strong>incertidumbre de la industria automotriz local.<\/strong>&nbsp;Entre enero y julio la producci\u00f3n de autos en Argentina<strong>&nbsp;cay\u00f3 un 35,6%<\/strong>&nbsp;frente al mismo lapso de 2018, seg\u00fan la Asociaci\u00f3n de F\u00e1bricas (Adefa). La venta de 0 km, por su parte,&nbsp;<strong>se derrumb\u00f3 47,4%<\/strong>, seg\u00fan la Asociaci\u00f3n de Concesionarios (Acara).<\/p>\n\n\n\n<p>El centro productivo de Honda en\u00a0<strong>Campana<\/strong>, fue inaugurado oficialmente en<strong>\u00a0mayo de 2011<\/strong>, en un acto al que asisti\u00f3 la expresidenta Cristina Fern\u00e1ndez de Kirchner. En 2007 hab\u00eda sido N\u00e9stor Kirchner quien fue, como entonces Presidente, al acto de colocaci\u00f3n de la\u00a0<strong>piedra fundacional<\/strong>.<\/p>\n\n\n\n<p>Fuente: Impacto Local<\/p>\n\n\n\n<p><br><\/p>\n","protected":false},"excerpt":{"rendered":"<p>Lucas es un trabajador de la f\u00e1brica automotriz Honda de Campana que en las pr\u00f3ximas semanas comenzar\u00e1 con el cierre del sector de autos. Eso implica una reducci\u00f3n del personal que afectar\u00e1 a 500 trabajadores. En un momento de su descanso, Lucas le expres\u00f3 su preocupaci\u00f3n a Cristina Fern\u00e1ndez de Kirchner, actual candidata a vicepresidenta [&hellip;]<\/p>\n","protected":false},"author":4,"featured_media":59878,"comment_status":"open","ping_status":"closed","sticky":false,"template":"","format":"standard","meta":{"om_disable_all_campaigns":false,"_jetpack_memberships_contains_paid_content":false,"footnotes":""},"categories":[621],"tags":[],"class_list":["post-59877","post","type-post","status-publish","format-standard","has-post-thumbnail","hentry","category-regionales"],"aioseo_notices":[],"gutentor_comment":0,"jetpack_featured_media_url":"https:\/\/eldiariodesanpedro.com.ar\/sitio\/wp-content\/uploads\/2019\/09\/HONDA-CRISTINA.jpg","jetpack_shortlink":"https:\/\/wp.me\/p6RhLt-fzL","jetpack_sharing_enabled":true,"_links":{"self":[{"href":"https:\/\/eldiariodesanpedro.com.ar\/sitio\/wp-json\/wp\/v2\/posts\/59877","targetHints":{"allow":["GET"]}}],"collection":[{"href":"https:\/\/eldiariodesanpedro.com.ar\/sitio\/wp-json\/wp\/v2\/posts"}],"about":[{"href":"https:\/\/eldiariodesanpedro.com.ar\/sitio\/wp-json\/wp\/v2\/types\/post"}],"author":[{"embeddable":true,"href":"https:\/\/eldiariodesanpedro.com.ar\/sitio\/wp-json\/wp\/v2\/users\/4"}],"replies":[{"embeddable":true,"href":"https:\/\/eldiariodesanpedro.com.ar\/sitio\/wp-json\/wp\/v2\/comments?post=59877"}],"version-history":[{"count":1,"href":"https:\/\/eldiariodesanpedro.com.ar\/sitio\/wp-json\/wp\/v2\/posts\/59877\/revisions"}],"predecessor-version":[{"id":59879,"href":"https:\/\/eldiariodesanpedro.com.ar\/sitio\/wp-json\/wp\/v2\/posts\/59877\/revisions\/59879"}],"wp:featuredmedia":[{"embeddable":true,"href":"https:\/\/eldiariodesanpedro.com.ar\/sitio\/wp-json\/wp\/v2\/media\/59878"}],"wp:attachment":[{"href":"https:\/\/eldiariodesanpedro.com.ar\/sitio\/wp-json\/wp\/v2\/media?parent=59877"}],"wp:term":[{"taxonomy":"category","embeddable":true,"href":"https:\/\/eldiariodesanpedro.com.ar\/sitio\/wp-json\/wp\/v2\/categories?post=59877"},{"taxonomy":"post_tag","embeddable":true,"href":"https:\/\/eldiariodesanpedro.com.ar\/sitio\/wp-json\/wp\/v2\/tags?post=59877"}],"curies":[{"name":"wp","href":"https:\/\/api.w.org\/{rel}","templated":true}]}}