{"id":59874,"date":"2019-09-12T10:19:59","date_gmt":"2019-09-12T13:19:59","guid":{"rendered":"https:\/\/eldiariodesanpedro.com.ar\/sitio\/?p=59874"},"modified":"2019-09-12T10:20:04","modified_gmt":"2019-09-12T13:20:04","slug":"arrecifes-piden-informes-sobre-falta-de-insumos-en-el-hospital","status":"publish","type":"post","link":"https:\/\/eldiariodesanpedro.com.ar\/sitio\/arrecifes-piden-informes-sobre-falta-de-insumos-en-el-hospital\/","title":{"rendered":"ARRECIFES | Piden informes sobre falta de insumos en el Hospital"},"content":{"rendered":"<!-- VideographyWP Plugin Message: Automatic video embedding prevented by plugin options. -->\n\n<p>En la noche de este mi\u00e9rcoles, en su 14\u00aa sesi\u00f3n ordinaria del a\u00f1o, el Concejo Deliberante tratar\u00e1 un proyecto presentado por Unidad Ciudadana al tomar conocimiento de falta de insumos y medicamentos en el Hospital Municipal.<\/p>\n\n\n\n<p>El proyecto de Resoluci\u00f3n, solicita \u00abal Departamento Ejecutivo Municipal brinde informaci\u00f3n respecto de si el Hospital Municipal Santa Francisca Romana presenta faltantes de insumos para curaciones y medicamentos, el motivo y las medidas que se est\u00e1n adoptando para cubrir los mismos\u00bb.<\/p>\n\n\n\n<p>Fuente: Arrecifes Noticias<\/p>\n","protected":false},"excerpt":{"rendered":"<p>En la noche de este mi\u00e9rcoles, en su 14\u00aa sesi\u00f3n ordinaria del a\u00f1o, el Concejo Deliberante tratar\u00e1 un proyecto presentado por Unidad Ciudadana al tomar conocimiento de falta de insumos y medicamentos en el Hospital Municipal. El proyecto de Resoluci\u00f3n, solicita \u00abal Departamento Ejecutivo Municipal brinde informaci\u00f3n respecto de si el Hospital Municipal Santa Francisca [&hellip;]<\/p>\n","protected":false},"author":4,"featured_media":59875,"comment_status":"open","ping_status":"closed","sticky":false,"template":"","format":"standard","meta":{"om_disable_all_campaigns":false,"_jetpack_memberships_contains_paid_content":false,"footnotes":""},"categories":[621],"tags":[],"class_list":["post-59874","post","type-post","status-publish","format-standard","has-post-thumbnail","hentry","category-regionales"],"aioseo_notices":[],"gutentor_comment":0,"jetpack_featured_media_url":"https:\/\/eldiariodesanpedro.com.ar\/sitio\/wp-content\/uploads\/2019\/09\/Guardia-Hospital-779x510.jpg","jetpack_shortlink":"https:\/\/wp.me\/p6RhLt-fzI","jetpack_sharing_enabled":true,"_links":{"self":[{"href":"https:\/\/eldiariodesanpedro.com.ar\/sitio\/wp-json\/wp\/v2\/posts\/59874","targetHints":{"allow":["GET"]}}],"collection":[{"href":"https:\/\/eldiariodesanpedro.com.ar\/sitio\/wp-json\/wp\/v2\/posts"}],"about":[{"href":"https:\/\/eldiariodesanpedro.com.ar\/sitio\/wp-json\/wp\/v2\/types\/post"}],"author":[{"embeddable":true,"href":"https:\/\/eldiariodesanpedro.com.ar\/sitio\/wp-json\/wp\/v2\/users\/4"}],"replies":[{"embeddable":true,"href":"https:\/\/eldiariodesanpedro.com.ar\/sitio\/wp-json\/wp\/v2\/comments?post=59874"}],"version-history":[{"count":1,"href":"https:\/\/eldiariodesanpedro.com.ar\/sitio\/wp-json\/wp\/v2\/posts\/59874\/revisions"}],"predecessor-version":[{"id":59876,"href":"https:\/\/eldiariodesanpedro.com.ar\/sitio\/wp-json\/wp\/v2\/posts\/59874\/revisions\/59876"}],"wp:featuredmedia":[{"embeddable":true,"href":"https:\/\/eldiariodesanpedro.com.ar\/sitio\/wp-json\/wp\/v2\/media\/59875"}],"wp:attachment":[{"href":"https:\/\/eldiariodesanpedro.com.ar\/sitio\/wp-json\/wp\/v2\/media?parent=59874"}],"wp:term":[{"taxonomy":"category","embeddable":true,"href":"https:\/\/eldiariodesanpedro.com.ar\/sitio\/wp-json\/wp\/v2\/categories?post=59874"},{"taxonomy":"post_tag","embeddable":true,"href":"https:\/\/eldiariodesanpedro.com.ar\/sitio\/wp-json\/wp\/v2\/tags?post=59874"}],"curies":[{"name":"wp","href":"https:\/\/api.w.org\/{rel}","templated":true}]}}