{"id":59871,"date":"2019-09-12T10:18:03","date_gmt":"2019-09-12T13:18:03","guid":{"rendered":"https:\/\/eldiariodesanpedro.com.ar\/sitio\/?p=59871"},"modified":"2019-09-12T10:18:07","modified_gmt":"2019-09-12T13:18:07","slug":"san-nicolas-militantes-del-polo-obrero-permanecen-en-la-vereda-del-palacio","status":"publish","type":"post","link":"https:\/\/eldiariodesanpedro.com.ar\/sitio\/san-nicolas-militantes-del-polo-obrero-permanecen-en-la-vereda-del-palacio\/","title":{"rendered":"SAN NICOL\u00c1S | Militantes del Polo Obrero permanecen en la vereda del palacio"},"content":{"rendered":"<!-- VideographyWP Plugin Message: Automatic video embedding prevented by plugin options. -->\n\n<p>\n\nTal como lo hab\u00edan anunciado, un grupo de personas pertenecientes al Polo Obrero, pas\u00f3 la noche acampando en la puerta de la Municipalidad. La medida de reclamo por la \u00abduplicaci\u00f3n de planes sociales y ampliaci\u00f3n de alimentos en comedores populares\u00bb y otros puntos, tambi\u00e9n tuvo lugar en Capital Federal y otras ciudades de la Provincia.<\/p>\n\n\n\n<p>En San Nicol\u00e1s fueron alrededor de 20 personas las que se apostaron en la esquina de Rivadavia y Garibaldi y en la ma\u00f1ana de este jueves realizar\u00e1n una olla popular.<\/p>\n\n\n\n<p>Durante la noche, la manifestaci\u00f3n se realiz\u00f3 con tranquilidad, sin cortes de calle.<\/p>\n\n\n\n<p>El Polo Obrero solicita: Libertad a los compa\u00f1eros detenidos; trabajo genuino; apertura de los programas sociales; aumento en los montos de los programas; m\u00e1s y mejores alimentos para los comedores populares. <\/p>\n\n\n\n<p>Fuente: Diario El Informante<\/p>\n","protected":false},"excerpt":{"rendered":"<p>Tal como lo hab\u00edan anunciado, un grupo de personas pertenecientes al Polo Obrero, pas\u00f3 la noche acampando en la puerta de la Municipalidad. La medida de reclamo por la \u00abduplicaci\u00f3n de planes sociales y ampliaci\u00f3n de alimentos en comedores populares\u00bb y otros puntos, tambi\u00e9n tuvo lugar en Capital Federal y otras ciudades de la Provincia. [&hellip;]<\/p>\n","protected":false},"author":4,"featured_media":59872,"comment_status":"open","ping_status":"closed","sticky":false,"template":"","format":"standard","meta":{"om_disable_all_campaigns":false,"_jetpack_memberships_contains_paid_content":false,"footnotes":""},"categories":[621],"tags":[],"class_list":["post-59871","post","type-post","status-publish","format-standard","has-post-thumbnail","hentry","category-regionales"],"aioseo_notices":[],"gutentor_comment":0,"jetpack_featured_media_url":"https:\/\/eldiariodesanpedro.com.ar\/sitio\/wp-content\/uploads\/2019\/09\/conmarca22085.jpg","jetpack_shortlink":"https:\/\/wp.me\/p6RhLt-fzF","jetpack_sharing_enabled":true,"_links":{"self":[{"href":"https:\/\/eldiariodesanpedro.com.ar\/sitio\/wp-json\/wp\/v2\/posts\/59871","targetHints":{"allow":["GET"]}}],"collection":[{"href":"https:\/\/eldiariodesanpedro.com.ar\/sitio\/wp-json\/wp\/v2\/posts"}],"about":[{"href":"https:\/\/eldiariodesanpedro.com.ar\/sitio\/wp-json\/wp\/v2\/types\/post"}],"author":[{"embeddable":true,"href":"https:\/\/eldiariodesanpedro.com.ar\/sitio\/wp-json\/wp\/v2\/users\/4"}],"replies":[{"embeddable":true,"href":"https:\/\/eldiariodesanpedro.com.ar\/sitio\/wp-json\/wp\/v2\/comments?post=59871"}],"version-history":[{"count":1,"href":"https:\/\/eldiariodesanpedro.com.ar\/sitio\/wp-json\/wp\/v2\/posts\/59871\/revisions"}],"predecessor-version":[{"id":59873,"href":"https:\/\/eldiariodesanpedro.com.ar\/sitio\/wp-json\/wp\/v2\/posts\/59871\/revisions\/59873"}],"wp:featuredmedia":[{"embeddable":true,"href":"https:\/\/eldiariodesanpedro.com.ar\/sitio\/wp-json\/wp\/v2\/media\/59872"}],"wp:attachment":[{"href":"https:\/\/eldiariodesanpedro.com.ar\/sitio\/wp-json\/wp\/v2\/media?parent=59871"}],"wp:term":[{"taxonomy":"category","embeddable":true,"href":"https:\/\/eldiariodesanpedro.com.ar\/sitio\/wp-json\/wp\/v2\/categories?post=59871"},{"taxonomy":"post_tag","embeddable":true,"href":"https:\/\/eldiariodesanpedro.com.ar\/sitio\/wp-json\/wp\/v2\/tags?post=59871"}],"curies":[{"name":"wp","href":"https:\/\/api.w.org\/{rel}","templated":true}]}}