{"id":59860,"date":"2019-09-12T09:58:20","date_gmt":"2019-09-12T12:58:20","guid":{"rendered":"https:\/\/eldiariodesanpedro.com.ar\/sitio\/?p=59860"},"modified":"2019-09-12T09:58:24","modified_gmt":"2019-09-12T12:58:24","slug":"robaron-herramientas-de-una-vivienda-en-construccion","status":"publish","type":"post","link":"https:\/\/eldiariodesanpedro.com.ar\/sitio\/robaron-herramientas-de-una-vivienda-en-construccion\/","title":{"rendered":"Robaron herramientas de una vivienda en construcci\u00f3n"},"content":{"rendered":"<!-- VideographyWP Plugin Message: Automatic video embedding prevented by plugin options. -->\n\n<p>Sucedi\u00f3 este mi\u00e9rcoles cuando delincuentes ignorados ingresaron a una construcci\u00f3n de calle Esqui\u00fa al 800 y sustrajeron varias herramientas sin ejercer violencia.<\/p>\n\n\n\n<p>Su propietaria una mujer de 40 a\u00f1os de edad radico su denuncia en la dependencia local.<\/p>\n\n\n\n<p>Interviene la fiscalia N\u00ba5<\/p>\n","protected":false},"excerpt":{"rendered":"<p>Sucedi\u00f3 este mi\u00e9rcoles cuando delincuentes ignorados ingresaron a una construcci\u00f3n de calle Esqui\u00fa al 800 y sustrajeron varias herramientas sin ejercer violencia. Su propietaria una mujer de 40 a\u00f1os de edad radico su denuncia en la dependencia local. Interviene la fiscalia N\u00ba5<\/p>\n","protected":false},"author":4,"featured_media":54582,"comment_status":"open","ping_status":"closed","sticky":false,"template":"","format":"standard","meta":{"om_disable_all_campaigns":false,"_jetpack_memberships_contains_paid_content":false,"footnotes":""},"categories":[2,103],"tags":[],"class_list":["post-59860","post","type-post","status-publish","format-standard","has-post-thumbnail","hentry","category-locales","category-policiales-locales"],"aioseo_notices":[],"gutentor_comment":0,"jetpack_featured_media_url":"https:\/\/eldiariodesanpedro.com.ar\/sitio\/wp-content\/uploads\/2019\/06\/NUEVOS-PATRULLEROS-POLICIA-02-4-6.jpg","jetpack_shortlink":"https:\/\/wp.me\/p6RhLt-fzu","jetpack_sharing_enabled":true,"_links":{"self":[{"href":"https:\/\/eldiariodesanpedro.com.ar\/sitio\/wp-json\/wp\/v2\/posts\/59860","targetHints":{"allow":["GET"]}}],"collection":[{"href":"https:\/\/eldiariodesanpedro.com.ar\/sitio\/wp-json\/wp\/v2\/posts"}],"about":[{"href":"https:\/\/eldiariodesanpedro.com.ar\/sitio\/wp-json\/wp\/v2\/types\/post"}],"author":[{"embeddable":true,"href":"https:\/\/eldiariodesanpedro.com.ar\/sitio\/wp-json\/wp\/v2\/users\/4"}],"replies":[{"embeddable":true,"href":"https:\/\/eldiariodesanpedro.com.ar\/sitio\/wp-json\/wp\/v2\/comments?post=59860"}],"version-history":[{"count":1,"href":"https:\/\/eldiariodesanpedro.com.ar\/sitio\/wp-json\/wp\/v2\/posts\/59860\/revisions"}],"predecessor-version":[{"id":59869,"href":"https:\/\/eldiariodesanpedro.com.ar\/sitio\/wp-json\/wp\/v2\/posts\/59860\/revisions\/59869"}],"wp:featuredmedia":[{"embeddable":true,"href":"https:\/\/eldiariodesanpedro.com.ar\/sitio\/wp-json\/wp\/v2\/media\/54582"}],"wp:attachment":[{"href":"https:\/\/eldiariodesanpedro.com.ar\/sitio\/wp-json\/wp\/v2\/media?parent=59860"}],"wp:term":[{"taxonomy":"category","embeddable":true,"href":"https:\/\/eldiariodesanpedro.com.ar\/sitio\/wp-json\/wp\/v2\/categories?post=59860"},{"taxonomy":"post_tag","embeddable":true,"href":"https:\/\/eldiariodesanpedro.com.ar\/sitio\/wp-json\/wp\/v2\/tags?post=59860"}],"curies":[{"name":"wp","href":"https:\/\/api.w.org\/{rel}","templated":true}]}}