{"id":59858,"date":"2019-09-12T09:32:57","date_gmt":"2019-09-12T12:32:57","guid":{"rendered":"https:\/\/eldiariodesanpedro.com.ar\/sitio\/?p=59858"},"modified":"2019-09-12T09:33:02","modified_gmt":"2019-09-12T12:33:02","slug":"madre-e-hija-fueron-detenidas-por-agredir-a-vecina-y-al-personal-policial","status":"publish","type":"post","link":"https:\/\/eldiariodesanpedro.com.ar\/sitio\/madre-e-hija-fueron-detenidas-por-agredir-a-vecina-y-al-personal-policial\/","title":{"rendered":"Madre e hija fueron detenidas por agredir a vecina y al personal policial"},"content":{"rendered":"<!-- VideographyWP Plugin Message: Automatic video embedding prevented by plugin options. -->\n\n<p>El violento hecho se produjo este mi\u00e9rcoles donde una femenina de 32 a\u00f1os de edad junto a una menor de 14 se encontraban agrediendo a otras femeninas. Al arribo de los m\u00f3viles las mismas les arrojaban piedras hasta finalmente ser detenidas. Se trata de un conflicto vecinal de larga data.<\/p>\n\n\n\n<p>Persona policial es alertado a ra\u00edz de un llamado al 911 donde acude r\u00e1pidamente al medio de una pelea vecinal.<\/p>\n\n\n\n<p>En intersecci\u00f3n de las calles Hermano Indio y Guemes se encontraban dos femeninas trat\u00e1ndose de madre e hija agrediendo con pu\u00f1os y arma blanca a otras dos.<\/p>\n\n\n\n<p>Los efectivos r\u00e1pidamente interceptan a las agresoras pero las mismas comenzaron a insultarlos y tirarles piedras.<\/p>\n\n\n\n<p>Finalmente son detenidas, sin causar lesiones a la autoridad, y trasladadas a la dependencia local.<\/p>\n\n\n\n<p>Una de las victimas de 24 , radico su denuncia con lesiones en miembros superiores y torso, algunas por arma blanca superficiales, de car\u00e1cter leves, a quien tambi\u00e9n las delincuentes amenazaron de muerte. <\/p>\n\n\n\n<p>No se logro secuestro de arma blanca, si de un palo que tambi\u00e9n utilizaron en el hecho.<\/p>\n\n\n\n<p> Interviene UFI JUVNEIL<br><\/p>\n\n\n\n<p><\/p>\n","protected":false},"excerpt":{"rendered":"<p>El violento hecho se produjo este mi\u00e9rcoles donde una femenina de 32 a\u00f1os de edad junto a una menor de 14 se encontraban agrediendo a otras femeninas. Al arribo de los m\u00f3viles las mismas les arrojaban piedras hasta finalmente ser detenidas. Se trata de un conflicto vecinal de larga data. Persona policial es alertado a [&hellip;]<\/p>\n","protected":false},"author":4,"featured_media":45658,"comment_status":"open","ping_status":"closed","sticky":false,"template":"","format":"standard","meta":{"om_disable_all_campaigns":false,"_jetpack_memberships_contains_paid_content":false,"footnotes":""},"categories":[2,103],"tags":[],"class_list":["post-59858","post","type-post","status-publish","format-standard","has-post-thumbnail","hentry","category-locales","category-policiales-locales"],"aioseo_notices":[],"gutentor_comment":0,"jetpack_featured_media_url":"https:\/\/eldiariodesanpedro.com.ar\/sitio\/wp-content\/uploads\/2019\/01\/patrullero-policia_4.jpg","jetpack_shortlink":"https:\/\/wp.me\/p6RhLt-fzs","jetpack_sharing_enabled":true,"_links":{"self":[{"href":"https:\/\/eldiariodesanpedro.com.ar\/sitio\/wp-json\/wp\/v2\/posts\/59858","targetHints":{"allow":["GET"]}}],"collection":[{"href":"https:\/\/eldiariodesanpedro.com.ar\/sitio\/wp-json\/wp\/v2\/posts"}],"about":[{"href":"https:\/\/eldiariodesanpedro.com.ar\/sitio\/wp-json\/wp\/v2\/types\/post"}],"author":[{"embeddable":true,"href":"https:\/\/eldiariodesanpedro.com.ar\/sitio\/wp-json\/wp\/v2\/users\/4"}],"replies":[{"embeddable":true,"href":"https:\/\/eldiariodesanpedro.com.ar\/sitio\/wp-json\/wp\/v2\/comments?post=59858"}],"version-history":[{"count":1,"href":"https:\/\/eldiariodesanpedro.com.ar\/sitio\/wp-json\/wp\/v2\/posts\/59858\/revisions"}],"predecessor-version":[{"id":59859,"href":"https:\/\/eldiariodesanpedro.com.ar\/sitio\/wp-json\/wp\/v2\/posts\/59858\/revisions\/59859"}],"wp:featuredmedia":[{"embeddable":true,"href":"https:\/\/eldiariodesanpedro.com.ar\/sitio\/wp-json\/wp\/v2\/media\/45658"}],"wp:attachment":[{"href":"https:\/\/eldiariodesanpedro.com.ar\/sitio\/wp-json\/wp\/v2\/media?parent=59858"}],"wp:term":[{"taxonomy":"category","embeddable":true,"href":"https:\/\/eldiariodesanpedro.com.ar\/sitio\/wp-json\/wp\/v2\/categories?post=59858"},{"taxonomy":"post_tag","embeddable":true,"href":"https:\/\/eldiariodesanpedro.com.ar\/sitio\/wp-json\/wp\/v2\/tags?post=59858"}],"curies":[{"name":"wp","href":"https:\/\/api.w.org\/{rel}","templated":true}]}}