{"id":59855,"date":"2019-09-12T09:04:41","date_gmt":"2019-09-12T12:04:41","guid":{"rendered":"https:\/\/eldiariodesanpedro.com.ar\/sitio\/?p=59855"},"modified":"2019-09-12T09:04:46","modified_gmt":"2019-09-12T12:04:46","slug":"baradero-fue-detenido-el-acusado-de-abusar-de-su-hija-de-12-anos","status":"publish","type":"post","link":"https:\/\/eldiariodesanpedro.com.ar\/sitio\/baradero-fue-detenido-el-acusado-de-abusar-de-su-hija-de-12-anos\/","title":{"rendered":"BARADERO: Fue detenido el acusado de abusar de su hija de 12 a\u00f1os"},"content":{"rendered":"<!-- VideographyWP Plugin Message: Automatic video embedding prevented by plugin options. -->\n\n<p>Este mi\u00e9rcoles personal de la DDI Baradero conjuntamente con personal de la comisaria de la vecina ciudad, procedieron a la detenci\u00f3n de un masculino de 34 a\u00f1os imputado por un hecho de abuso sexual.<\/p>\n\n\n\n<p>El sujeto fue encontrado en un campo de Alsina luego de ser acusado en las redes sociales por una vecina, quien contaba que una amiga de su hija le confeso tristemente que  no queria volver a su casa porque su padre abusaba sexualmente de ella.<\/p>\n\n\n\n<p>El caso llego a la justicia y el fiscal Granda intervino en ella quien pidi\u00f3 la r\u00e1pida detenci\u00f3n del presunto violador.<\/p>\n\n\n\n<p>Imagen fuente Fm Impacto Baradero<\/p>\n\n\n\n<figure class=\"wp-block-image\"><img decoding=\"async\" width=\"803\" height=\"960\" data-attachment-id=\"59856\" data-permalink=\"https:\/\/eldiariodesanpedro.com.ar\/sitio\/baradero-fue-detenido-el-acusado-de-abusar-de-su-hija-de-12-anos\/70356547_1677526619047132_1140519610445987840_n\/\" data-orig-file=\"https:\/\/eldiariodesanpedro.com.ar\/sitio\/wp-content\/uploads\/2019\/09\/70356547_1677526619047132_1140519610445987840_n.jpg\" data-orig-size=\"803,960\" data-comments-opened=\"1\" data-image-meta=\"{&quot;aperture&quot;:&quot;0&quot;,&quot;credit&quot;:&quot;&quot;,&quot;camera&quot;:&quot;&quot;,&quot;caption&quot;:&quot;&quot;,&quot;created_timestamp&quot;:&quot;0&quot;,&quot;copyright&quot;:&quot;&quot;,&quot;focal_length&quot;:&quot;0&quot;,&quot;iso&quot;:&quot;0&quot;,&quot;shutter_speed&quot;:&quot;0&quot;,&quot;title&quot;:&quot;&quot;,&quot;orientation&quot;:&quot;0&quot;}\" data-image-title=\"70356547_1677526619047132_1140519610445987840_n\" data-image-description=\"\" data-image-caption=\"\" data-large-file=\"https:\/\/eldiariodesanpedro.com.ar\/sitio\/wp-content\/uploads\/2019\/09\/70356547_1677526619047132_1140519610445987840_n.jpg\" data-src=\"https:\/\/eldiariodesanpedro.com.ar\/sitio\/wp-content\/uploads\/2019\/09\/70356547_1677526619047132_1140519610445987840_n.jpg\" alt=\"\" class=\"wp-image-59856 lazyload\" data-srcset=\"https:\/\/eldiariodesanpedro.com.ar\/sitio\/wp-content\/uploads\/2019\/09\/70356547_1677526619047132_1140519610445987840_n.jpg 803w, https:\/\/eldiariodesanpedro.com.ar\/sitio\/wp-content\/uploads\/2019\/09\/70356547_1677526619047132_1140519610445987840_n-251x300.jpg 251w, https:\/\/eldiariodesanpedro.com.ar\/sitio\/wp-content\/uploads\/2019\/09\/70356547_1677526619047132_1140519610445987840_n-768x918.jpg 768w\" data-sizes=\"(max-width: 803px) 100vw, 803px\" src=\"data:image\/svg+xml;base64,PHN2ZyB3aWR0aD0iMSIgaGVpZ2h0PSIxIiB4bWxucz0iaHR0cDovL3d3dy53My5vcmcvMjAwMC9zdmciPjwvc3ZnPg==\" style=\"--smush-placeholder-width: 803px; --smush-placeholder-aspect-ratio: 803\/960;\" \/><\/figure>\n\n\n\n<p> <\/p>\n\n\n\n<p><br><\/p>\n","protected":false},"excerpt":{"rendered":"<p>Este mi\u00e9rcoles personal de la DDI Baradero conjuntamente con personal de la comisaria de la vecina ciudad, procedieron a la detenci\u00f3n de un masculino de 34 a\u00f1os imputado por un hecho de abuso sexual. El sujeto fue encontrado en un campo de Alsina luego de ser acusado en las redes sociales por una vecina, quien [&hellip;]<\/p>\n","protected":false},"author":4,"featured_media":59856,"comment_status":"open","ping_status":"closed","sticky":false,"template":"","format":"standard","meta":{"om_disable_all_campaigns":false,"_jetpack_memberships_contains_paid_content":false,"footnotes":""},"categories":[621],"tags":[],"class_list":["post-59855","post","type-post","status-publish","format-standard","has-post-thumbnail","hentry","category-regionales"],"aioseo_notices":[],"gutentor_comment":0,"jetpack_featured_media_url":"https:\/\/eldiariodesanpedro.com.ar\/sitio\/wp-content\/uploads\/2019\/09\/70356547_1677526619047132_1140519610445987840_n.jpg","jetpack_shortlink":"https:\/\/wp.me\/p6RhLt-fzp","jetpack_sharing_enabled":true,"_links":{"self":[{"href":"https:\/\/eldiariodesanpedro.com.ar\/sitio\/wp-json\/wp\/v2\/posts\/59855","targetHints":{"allow":["GET"]}}],"collection":[{"href":"https:\/\/eldiariodesanpedro.com.ar\/sitio\/wp-json\/wp\/v2\/posts"}],"about":[{"href":"https:\/\/eldiariodesanpedro.com.ar\/sitio\/wp-json\/wp\/v2\/types\/post"}],"author":[{"embeddable":true,"href":"https:\/\/eldiariodesanpedro.com.ar\/sitio\/wp-json\/wp\/v2\/users\/4"}],"replies":[{"embeddable":true,"href":"https:\/\/eldiariodesanpedro.com.ar\/sitio\/wp-json\/wp\/v2\/comments?post=59855"}],"version-history":[{"count":1,"href":"https:\/\/eldiariodesanpedro.com.ar\/sitio\/wp-json\/wp\/v2\/posts\/59855\/revisions"}],"predecessor-version":[{"id":59857,"href":"https:\/\/eldiariodesanpedro.com.ar\/sitio\/wp-json\/wp\/v2\/posts\/59855\/revisions\/59857"}],"wp:featuredmedia":[{"embeddable":true,"href":"https:\/\/eldiariodesanpedro.com.ar\/sitio\/wp-json\/wp\/v2\/media\/59856"}],"wp:attachment":[{"href":"https:\/\/eldiariodesanpedro.com.ar\/sitio\/wp-json\/wp\/v2\/media?parent=59855"}],"wp:term":[{"taxonomy":"category","embeddable":true,"href":"https:\/\/eldiariodesanpedro.com.ar\/sitio\/wp-json\/wp\/v2\/categories?post=59855"},{"taxonomy":"post_tag","embeddable":true,"href":"https:\/\/eldiariodesanpedro.com.ar\/sitio\/wp-json\/wp\/v2\/tags?post=59855"}],"curies":[{"name":"wp","href":"https:\/\/api.w.org\/{rel}","templated":true}]}}