{"id":59845,"date":"2019-09-12T08:45:45","date_gmt":"2019-09-12T11:45:45","guid":{"rendered":"https:\/\/eldiariodesanpedro.com.ar\/sitio\/?p=59845"},"modified":"2019-09-12T08:45:50","modified_gmt":"2019-09-12T11:45:50","slug":"comunicado-del-centro-de-comercio-industria-y-turismo-por-el-bono-de-5-mil-pesos","status":"publish","type":"post","link":"https:\/\/eldiariodesanpedro.com.ar\/sitio\/comunicado-del-centro-de-comercio-industria-y-turismo-por-el-bono-de-5-mil-pesos\/","title":{"rendered":"Comunicado del Centro de Comercio Industria y Turismo por el bono de 5 mil pesos"},"content":{"rendered":"<!-- VideographyWP Plugin Message: Automatic video embedding prevented by plugin options. -->\n\n<p>\n\nAnte la firme posibilidad de que el Gobierno Nacional, otorgue un bono de&nbsp;<strong>$5.000 (pesos cinco mil)<\/strong>&nbsp;a los empleados en relaci\u00f3n de dependencia del sector privado, el Centro de Comercio e Industria de San Pedro, considera que se trata de una medida inoportuna e inapropiada.<\/p>\n\n\n\n<p>Entendemos que de esta manera, se busca con acciones compensatorias hacia el sector trabajador, proyectar en las industrias y comercios, la responsabilidad de seguir erogando recursos que entendemos deber\u00eda asumir el Estado, como consecuencia de sus propias decisiones en la aplicaci\u00f3n de Pol\u00edticas P\u00fablicas, que han puesto a muchos sectores de la econom\u00eda en situaci\u00f3n de crisis.&nbsp; Esta situaci\u00f3n hoy, est\u00e1 reflejada de la misma manera&nbsp;<strong>tanto en los empleados como en los empleadores.<\/strong><\/p>\n\n\n\n<p>Consideramos que aplicar en esta instancia este tipo de medidas, debilita m\u00e1s a\u00fan a los sectores genuinos de empleo, generadores del desarrollo y tomadores de trabajo legal.<\/p>\n\n\n\n<p>La prioridad debe estar puesta en lograr de manera URGENTE, previsibilidad con \u00e9nfasis en la producci\u00f3n industrial y desarrollo comercial, para que la reactivaci\u00f3n de estos sectores, pueda superar de mejor manera la coyuntura y reactivar su funcionalidad, permiti\u00e9ndoles fortalecer al sector laboral con m\u00e1s capacidades, m\u00e1s empleabilidad y mejores condiciones.<\/p>\n\n\n\n<p>Dada la complejidad que atraviesan las empresas, pagar este bono, puede generar un efecto contraproducente<strong>, ya que su aplicaci\u00f3n puede poner a muchas industrias y comercios en la opci\u00f3n de desafectar trabajadores por la propia imposibilidad de pagarlo, y finalmente el remedio terminar\u00e1 siendo peor que la enfermedad.<\/strong><\/p>\n\n\n\n<p><strong>Centro de Comercio Industria y Turismo &#8211; 12 de septiembre de 2019<\/strong><br><br><\/p>\n","protected":false},"excerpt":{"rendered":"<p>Ante la firme posibilidad de que el Gobierno Nacional, otorgue un bono de&nbsp;$5.000 (pesos cinco mil)&nbsp;a los empleados en relaci\u00f3n de dependencia del sector privado, el Centro de Comercio e Industria de San Pedro, considera que se trata de una medida inoportuna e inapropiada. Entendemos que de esta manera, se busca con acciones compensatorias hacia [&hellip;]<\/p>\n","protected":false},"author":4,"featured_media":57515,"comment_status":"open","ping_status":"closed","sticky":false,"template":"","format":"standard","meta":{"om_disable_all_campaigns":false,"_jetpack_memberships_contains_paid_content":false,"footnotes":""},"categories":[101,2],"tags":[],"class_list":["post-59845","post","type-post","status-publish","format-standard","has-post-thumbnail","hentry","category-interes-general-locales","category-locales"],"aioseo_notices":[],"gutentor_comment":0,"jetpack_featured_media_url":"https:\/\/eldiariodesanpedro.com.ar\/sitio\/wp-content\/uploads\/2019\/08\/centro-de-comercio-e-industria_3.jpg","jetpack_shortlink":"https:\/\/wp.me\/p6RhLt-fzf","jetpack_sharing_enabled":true,"_links":{"self":[{"href":"https:\/\/eldiariodesanpedro.com.ar\/sitio\/wp-json\/wp\/v2\/posts\/59845","targetHints":{"allow":["GET"]}}],"collection":[{"href":"https:\/\/eldiariodesanpedro.com.ar\/sitio\/wp-json\/wp\/v2\/posts"}],"about":[{"href":"https:\/\/eldiariodesanpedro.com.ar\/sitio\/wp-json\/wp\/v2\/types\/post"}],"author":[{"embeddable":true,"href":"https:\/\/eldiariodesanpedro.com.ar\/sitio\/wp-json\/wp\/v2\/users\/4"}],"replies":[{"embeddable":true,"href":"https:\/\/eldiariodesanpedro.com.ar\/sitio\/wp-json\/wp\/v2\/comments?post=59845"}],"version-history":[{"count":1,"href":"https:\/\/eldiariodesanpedro.com.ar\/sitio\/wp-json\/wp\/v2\/posts\/59845\/revisions"}],"predecessor-version":[{"id":59846,"href":"https:\/\/eldiariodesanpedro.com.ar\/sitio\/wp-json\/wp\/v2\/posts\/59845\/revisions\/59846"}],"wp:featuredmedia":[{"embeddable":true,"href":"https:\/\/eldiariodesanpedro.com.ar\/sitio\/wp-json\/wp\/v2\/media\/57515"}],"wp:attachment":[{"href":"https:\/\/eldiariodesanpedro.com.ar\/sitio\/wp-json\/wp\/v2\/media?parent=59845"}],"wp:term":[{"taxonomy":"category","embeddable":true,"href":"https:\/\/eldiariodesanpedro.com.ar\/sitio\/wp-json\/wp\/v2\/categories?post=59845"},{"taxonomy":"post_tag","embeddable":true,"href":"https:\/\/eldiariodesanpedro.com.ar\/sitio\/wp-json\/wp\/v2\/tags?post=59845"}],"curies":[{"name":"wp","href":"https:\/\/api.w.org\/{rel}","templated":true}]}}