{"id":59842,"date":"2019-09-12T08:39:04","date_gmt":"2019-09-12T11:39:04","guid":{"rendered":"https:\/\/eldiariodesanpedro.com.ar\/sitio\/?p=59842"},"modified":"2019-09-12T08:39:09","modified_gmt":"2019-09-12T11:39:09","slug":"entrega-de-proyectores-para-el-isft-n118","status":"publish","type":"post","link":"https:\/\/eldiariodesanpedro.com.ar\/sitio\/entrega-de-proyectores-para-el-isft-n118\/","title":{"rendered":"Entrega de proyectores para el ISFT N\u00b0118"},"content":{"rendered":"<!-- VideographyWP Plugin Message: Automatic video embedding prevented by plugin options. -->\n\n<p>Autoridades municipales, encabezados por el Intendente Municipal Cecilio Salazar, realizaron la entrega de proyectores para el Instituto Superior de Formaci\u00f3n T\u00e9cnica N\u00b0118.<\/p>\n\n\n\n<p>Las autoridades remarcaron que \u00abes importante nutrir de herramientas a nuestros institutos, que son una fuente de suma importancia para seguir formando a nuestros egresados secundarios dentro de San Pedro, ya que son gratuitos, e inyectan al mercado laboral sampedrino, a t\u00e9cnicos especializados en diferentes \u00e1reas\u00bb.<\/p>\n\n\n\n<p><br>-Administraci\u00f3n P\u00fablica<br>-Administraci\u00f3n Contable<br>-An\u00e1lisis de Sistemas<br>-Servicios Gastron\u00f3micos<br>-Alimentos <\/p>\n","protected":false},"excerpt":{"rendered":"<p>Autoridades municipales, encabezados por el Intendente Municipal Cecilio Salazar, realizaron la entrega de proyectores para el Instituto Superior de Formaci\u00f3n T\u00e9cnica N\u00b0118. Las autoridades remarcaron que \u00abes importante nutrir de herramientas a nuestros institutos, que son una fuente de suma importancia para seguir formando a nuestros egresados secundarios dentro de San Pedro, ya que son [&hellip;]<\/p>\n","protected":false},"author":4,"featured_media":59843,"comment_status":"open","ping_status":"closed","sticky":false,"template":"","format":"standard","meta":{"om_disable_all_campaigns":false,"_jetpack_memberships_contains_paid_content":false,"footnotes":""},"categories":[101,2],"tags":[],"class_list":["post-59842","post","type-post","status-publish","format-standard","has-post-thumbnail","hentry","category-interes-general-locales","category-locales"],"aioseo_notices":[],"gutentor_comment":0,"jetpack_featured_media_url":"https:\/\/eldiariodesanpedro.com.ar\/sitio\/wp-content\/uploads\/2019\/09\/69851387_547971406007471_1664603803510374400_n.jpg","jetpack_shortlink":"https:\/\/wp.me\/p6RhLt-fzc","jetpack_sharing_enabled":true,"_links":{"self":[{"href":"https:\/\/eldiariodesanpedro.com.ar\/sitio\/wp-json\/wp\/v2\/posts\/59842","targetHints":{"allow":["GET"]}}],"collection":[{"href":"https:\/\/eldiariodesanpedro.com.ar\/sitio\/wp-json\/wp\/v2\/posts"}],"about":[{"href":"https:\/\/eldiariodesanpedro.com.ar\/sitio\/wp-json\/wp\/v2\/types\/post"}],"author":[{"embeddable":true,"href":"https:\/\/eldiariodesanpedro.com.ar\/sitio\/wp-json\/wp\/v2\/users\/4"}],"replies":[{"embeddable":true,"href":"https:\/\/eldiariodesanpedro.com.ar\/sitio\/wp-json\/wp\/v2\/comments?post=59842"}],"version-history":[{"count":1,"href":"https:\/\/eldiariodesanpedro.com.ar\/sitio\/wp-json\/wp\/v2\/posts\/59842\/revisions"}],"predecessor-version":[{"id":59844,"href":"https:\/\/eldiariodesanpedro.com.ar\/sitio\/wp-json\/wp\/v2\/posts\/59842\/revisions\/59844"}],"wp:featuredmedia":[{"embeddable":true,"href":"https:\/\/eldiariodesanpedro.com.ar\/sitio\/wp-json\/wp\/v2\/media\/59843"}],"wp:attachment":[{"href":"https:\/\/eldiariodesanpedro.com.ar\/sitio\/wp-json\/wp\/v2\/media?parent=59842"}],"wp:term":[{"taxonomy":"category","embeddable":true,"href":"https:\/\/eldiariodesanpedro.com.ar\/sitio\/wp-json\/wp\/v2\/categories?post=59842"},{"taxonomy":"post_tag","embeddable":true,"href":"https:\/\/eldiariodesanpedro.com.ar\/sitio\/wp-json\/wp\/v2\/tags?post=59842"}],"curies":[{"name":"wp","href":"https:\/\/api.w.org\/{rel}","templated":true}]}}