{"id":5984,"date":"2016-07-13T20:30:07","date_gmt":"2016-07-13T23:30:07","guid":{"rendered":"https:\/\/eldiariodesanpedro.com.ar\/sitio\/?p=5984"},"modified":"2016-07-13T20:30:07","modified_gmt":"2016-07-13T23:30:07","slug":"el-municipio-brinda-charlas-sobre-transito-en-escuelas","status":"publish","type":"post","link":"https:\/\/eldiariodesanpedro.com.ar\/sitio\/el-municipio-brinda-charlas-sobre-transito-en-escuelas\/","title":{"rendered":"El municipio brinda charlas sobre tr\u00e1nsito en escuelas"},"content":{"rendered":"<p><!-- VideographyWP Plugin Message: Automatic video embedding prevented by plugin options. --><br \/>\nDesde hace varias semanas, se est\u00e1n realizando charlas de prevenci\u00f3n y conciencia sobre tr\u00e1nsito en las escuelas de nivel secundario.<br \/>\nEn esta oportunidad, el encuentro se desarroll\u00f3 en el sal\u00f3n de actos de la Escuela Normal. \u00abQue tu cabeza no sea el casco, que el casco sea tu cabeza\u00bb, manifestaron desde la Municipalidad de San Pedro, en un slogan para concientizar sobre el uso fundamental de protecci\u00f3n para circular en moto.<\/p>\n","protected":false},"excerpt":{"rendered":"<p>Desde hace varias semanas, se est\u00e1n realizando charlas de prevenci\u00f3n y conciencia sobre tr\u00e1nsito en las escuelas de nivel secundario. En esta oportunidad, el encuentro se desarroll\u00f3 en el sal\u00f3n de actos de la Escuela Normal. \u00abQue tu cabeza no sea el casco, que el casco sea tu cabeza\u00bb, manifestaron desde la Municipalidad de San [&hellip;]<\/p>\n","protected":false},"author":4,"featured_media":5985,"comment_status":"open","ping_status":"closed","sticky":false,"template":"","format":"standard","meta":{"om_disable_all_campaigns":false,"_jetpack_memberships_contains_paid_content":false,"footnotes":""},"categories":[101,2],"tags":[],"class_list":["post-5984","post","type-post","status-publish","format-standard","has-post-thumbnail","hentry","category-interes-general-locales","category-locales"],"aioseo_notices":[],"gutentor_comment":0,"jetpack_featured_media_url":"https:\/\/eldiariodesanpedro.com.ar\/sitio\/wp-content\/uploads\/2016\/07\/PAGINA-6-02-2.jpg","jetpack_shortlink":"https:\/\/wp.me\/p6RhLt-1yw","jetpack_sharing_enabled":true,"_links":{"self":[{"href":"https:\/\/eldiariodesanpedro.com.ar\/sitio\/wp-json\/wp\/v2\/posts\/5984","targetHints":{"allow":["GET"]}}],"collection":[{"href":"https:\/\/eldiariodesanpedro.com.ar\/sitio\/wp-json\/wp\/v2\/posts"}],"about":[{"href":"https:\/\/eldiariodesanpedro.com.ar\/sitio\/wp-json\/wp\/v2\/types\/post"}],"author":[{"embeddable":true,"href":"https:\/\/eldiariodesanpedro.com.ar\/sitio\/wp-json\/wp\/v2\/users\/4"}],"replies":[{"embeddable":true,"href":"https:\/\/eldiariodesanpedro.com.ar\/sitio\/wp-json\/wp\/v2\/comments?post=5984"}],"version-history":[{"count":1,"href":"https:\/\/eldiariodesanpedro.com.ar\/sitio\/wp-json\/wp\/v2\/posts\/5984\/revisions"}],"predecessor-version":[{"id":5986,"href":"https:\/\/eldiariodesanpedro.com.ar\/sitio\/wp-json\/wp\/v2\/posts\/5984\/revisions\/5986"}],"wp:featuredmedia":[{"embeddable":true,"href":"https:\/\/eldiariodesanpedro.com.ar\/sitio\/wp-json\/wp\/v2\/media\/5985"}],"wp:attachment":[{"href":"https:\/\/eldiariodesanpedro.com.ar\/sitio\/wp-json\/wp\/v2\/media?parent=5984"}],"wp:term":[{"taxonomy":"category","embeddable":true,"href":"https:\/\/eldiariodesanpedro.com.ar\/sitio\/wp-json\/wp\/v2\/categories?post=5984"},{"taxonomy":"post_tag","embeddable":true,"href":"https:\/\/eldiariodesanpedro.com.ar\/sitio\/wp-json\/wp\/v2\/tags?post=5984"}],"curies":[{"name":"wp","href":"https:\/\/api.w.org\/{rel}","templated":true}]}}