{"id":59832,"date":"2019-09-11T19:21:11","date_gmt":"2019-09-11T22:21:11","guid":{"rendered":"https:\/\/eldiariodesanpedro.com.ar\/sitio\/?p=59832"},"modified":"2019-09-11T19:21:16","modified_gmt":"2019-09-11T22:21:16","slug":"dos-accidentes-ocurridos-por-la-tarde-del-miercoles","status":"publish","type":"post","link":"https:\/\/eldiariodesanpedro.com.ar\/sitio\/dos-accidentes-ocurridos-por-la-tarde-del-miercoles\/","title":{"rendered":"Dos accidentes ocurridos por la tarde del mi\u00e9rcoles"},"content":{"rendered":"<!-- VideographyWP Plugin Message: Automatic video embedding prevented by plugin options. -->\n\n<p>Las colisiones se produjeron el primero entre una motocicleta y autom\u00f3vil, donde el rodado menor impacta contra el mayor, y el segundo un cami\u00f3n mientras realizaba una maniobra marcha atr\u00e1s impacta una moto. En ambos hechos intervino la ambulancia del SAME.<\/p>\n\n\n\n<p>En la esquina de Libertad y Litoral, por causas que se tratan de establecer, una moto 75 CC y impacta a un autom\u00f3vil marca Citro\u00ebn.<\/p>\n\n\n\n<p>Como consecuencia  la conductora del rodado menor, una joven de 18 a\u00f1os de edad,  fue derivada por una ambulancia del SAME al nosocomio local,  quienes informaron desde la guardia haber sufrido un traumatismo de cr\u00e1neo con p\u00e9rdida de conocimiento.<\/p>\n\n\n\n<p>En segundo lugar  un cami\u00f3n de una empresa de materiales sobre calle Ayacucho al 1400, mientras realizaba maniobras marcha atr\u00e1s impacta contra una motociclista que segun testigos salia de su domicilio.<\/p>\n\n\n\n<p>La ambulancia del SAME intervino en el hecho donde el cual el motociclista sufri\u00f3 lesiones.<\/p>\n\n\n\n<p>Pero en ese momento tambi\u00e9n tuvo que intervenir personal policial quienes procedieron a la aprehensi\u00f3n de un sujeto que de manera hostil increpo a los efectivos.<\/p>\n\n\n\n<figure class=\"wp-block-image\"><img decoding=\"async\" width=\"1024\" height=\"485\" data-attachment-id=\"59835\" data-permalink=\"https:\/\/eldiariodesanpedro.com.ar\/sitio\/20190911_122422\/\" data-orig-file=\"https:\/\/eldiariodesanpedro.com.ar\/sitio\/wp-content\/uploads\/2019\/09\/20190911_122422.jpg\" data-orig-size=\"4032,1908\" data-comments-opened=\"1\" data-image-meta=\"{&quot;aperture&quot;:&quot;2.4&quot;,&quot;credit&quot;:&quot;&quot;,&quot;camera&quot;:&quot;SM-G975F&quot;,&quot;caption&quot;:&quot;&quot;,&quot;created_timestamp&quot;:&quot;1568204662&quot;,&quot;copyright&quot;:&quot;&quot;,&quot;focal_length&quot;:&quot;4.32&quot;,&quot;iso&quot;:&quot;50&quot;,&quot;shutter_speed&quot;:&quot;0.0007163323782235&quot;,&quot;title&quot;:&quot;&quot;,&quot;orientation&quot;:&quot;1&quot;}\" data-image-title=\"20190911_122422\" data-image-description=\"\" data-image-caption=\"\" data-large-file=\"https:\/\/eldiariodesanpedro.com.ar\/sitio\/wp-content\/uploads\/2019\/09\/20190911_122422-1024x485.jpg\" data-src=\"https:\/\/eldiariodesanpedro.com.ar\/sitio\/wp-content\/uploads\/2019\/09\/20190911_122422-1024x485.jpg\" alt=\"\" class=\"wp-image-59835 lazyload\" data-srcset=\"https:\/\/eldiariodesanpedro.com.ar\/sitio\/wp-content\/uploads\/2019\/09\/20190911_122422-1024x485.jpg 1024w, https:\/\/eldiariodesanpedro.com.ar\/sitio\/wp-content\/uploads\/2019\/09\/20190911_122422-300x142.jpg 300w, https:\/\/eldiariodesanpedro.com.ar\/sitio\/wp-content\/uploads\/2019\/09\/20190911_122422-768x363.jpg 768w\" data-sizes=\"(max-width: 1024px) 100vw, 1024px\" src=\"data:image\/svg+xml;base64,PHN2ZyB3aWR0aD0iMSIgaGVpZ2h0PSIxIiB4bWxucz0iaHR0cDovL3d3dy53My5vcmcvMjAwMC9zdmciPjwvc3ZnPg==\" style=\"--smush-placeholder-width: 1024px; --smush-placeholder-aspect-ratio: 1024\/485;\" \/><\/figure>\n","protected":false},"excerpt":{"rendered":"<p>Las colisiones se produjeron el primero entre una motocicleta y autom\u00f3vil, donde el rodado menor impacta contra el mayor, y el segundo un cami\u00f3n mientras realizaba una maniobra marcha atr\u00e1s impacta una moto. En ambos hechos intervino la ambulancia del SAME. En la esquina de Libertad y Litoral, por causas que se tratan de establecer, [&hellip;]<\/p>\n","protected":false},"author":4,"featured_media":59836,"comment_status":"open","ping_status":"closed","sticky":false,"template":"","format":"standard","meta":{"om_disable_all_campaigns":false,"_jetpack_memberships_contains_paid_content":false,"footnotes":""},"categories":[2,103],"tags":[],"class_list":["post-59832","post","type-post","status-publish","format-standard","has-post-thumbnail","hentry","category-locales","category-policiales-locales"],"aioseo_notices":[],"gutentor_comment":0,"jetpack_featured_media_url":"https:\/\/eldiariodesanpedro.com.ar\/sitio\/wp-content\/uploads\/2019\/09\/20190911_122307.jpg","jetpack_shortlink":"https:\/\/wp.me\/p6RhLt-fz2","jetpack_sharing_enabled":true,"_links":{"self":[{"href":"https:\/\/eldiariodesanpedro.com.ar\/sitio\/wp-json\/wp\/v2\/posts\/59832","targetHints":{"allow":["GET"]}}],"collection":[{"href":"https:\/\/eldiariodesanpedro.com.ar\/sitio\/wp-json\/wp\/v2\/posts"}],"about":[{"href":"https:\/\/eldiariodesanpedro.com.ar\/sitio\/wp-json\/wp\/v2\/types\/post"}],"author":[{"embeddable":true,"href":"https:\/\/eldiariodesanpedro.com.ar\/sitio\/wp-json\/wp\/v2\/users\/4"}],"replies":[{"embeddable":true,"href":"https:\/\/eldiariodesanpedro.com.ar\/sitio\/wp-json\/wp\/v2\/comments?post=59832"}],"version-history":[{"count":1,"href":"https:\/\/eldiariodesanpedro.com.ar\/sitio\/wp-json\/wp\/v2\/posts\/59832\/revisions"}],"predecessor-version":[{"id":59839,"href":"https:\/\/eldiariodesanpedro.com.ar\/sitio\/wp-json\/wp\/v2\/posts\/59832\/revisions\/59839"}],"wp:featuredmedia":[{"embeddable":true,"href":"https:\/\/eldiariodesanpedro.com.ar\/sitio\/wp-json\/wp\/v2\/media\/59836"}],"wp:attachment":[{"href":"https:\/\/eldiariodesanpedro.com.ar\/sitio\/wp-json\/wp\/v2\/media?parent=59832"}],"wp:term":[{"taxonomy":"category","embeddable":true,"href":"https:\/\/eldiariodesanpedro.com.ar\/sitio\/wp-json\/wp\/v2\/categories?post=59832"},{"taxonomy":"post_tag","embeddable":true,"href":"https:\/\/eldiariodesanpedro.com.ar\/sitio\/wp-json\/wp\/v2\/tags?post=59832"}],"curies":[{"name":"wp","href":"https:\/\/api.w.org\/{rel}","templated":true}]}}