{"id":59828,"date":"2019-09-11T18:27:43","date_gmt":"2019-09-11T21:27:43","guid":{"rendered":"https:\/\/eldiariodesanpedro.com.ar\/sitio\/?p=59828"},"modified":"2019-09-11T18:27:47","modified_gmt":"2019-09-11T21:27:47","slug":"todo-listo-para-la-23-edicion-del-canaletas-rock","status":"publish","type":"post","link":"https:\/\/eldiariodesanpedro.com.ar\/sitio\/todo-listo-para-la-23-edicion-del-canaletas-rock\/","title":{"rendered":"Todo listo para la 23\u00b0 edici\u00f3n del  CANALETAS ROCK"},"content":{"rendered":"<!-- VideographyWP Plugin Message: Automatic video embedding prevented by plugin options. -->\n\n<p>El festival que se ha convertido en un cl\u00e1sico para San Pedro y la zona tendr\u00e1 el pr\u00f3ximo 5 de octubre una nueva edici\u00f3n, a orillas del r\u00edo, en El Viejo Astillero.<\/p>\n\n\n\n<p>El evento contar\u00e1 con la participaci\u00f3n de ocho bandas, que actuar\u00e1n de acuerdo al orden en que el resulten sorteadas esa misma jornada. Ellas son (en orden alfab\u00e9tico): Camalotal, Diminuto, Epifan\u00eda, Etruscos, Los Naturalmente, Nico Aulet, Orden Masyaf y Tick Toper. Adem\u00e1s \u00abEl Club\u00bb (Reggae Rock Social Club Radio de Z\u00e1rate), musicalizar\u00e1 los intervalos.<\/p>\n\n\n\n<p>La jornada tendr\u00e1 su inicio a las 14.00 y la entrada ser\u00e1, como es habitual, un alimento no perecedero. Habr\u00e1 servicio de cantina a beneficio de la Cooperadora de la Escuela 501.<\/p>\n\n\n\n<p>En los \u00faltimos d\u00edas, la Comisi\u00f3n de Promoci\u00f3n de Cultura aprob\u00f3 los fondos para que desde la organizaci\u00f3n del evento se pueda avanzar en la contrataci\u00f3n de luces, sonido, ba\u00f1os qu\u00edmicos, seguridad, pago de seguro y SADAIC, para garantizar el disfrute de todos los asistentes.<\/p>\n\n\n\n<p>Adem\u00e1s de lo mencionado y el respaldo de la Municipalidad de San Pedro, el evento es posible gracias a la colaboraci\u00f3n desinteresada de privados: Farmacia Universal; El Gallito Cresta Roja; Maxikiosco Bon o Bon; Pekes; Carnicer\u00eda El Pampa (Pellegrini 2615 &#8211; Quiroga 185); Electricidad Nacho; La Huerta; AJB; y Roja Directa.<\/p>\n","protected":false},"excerpt":{"rendered":"<p>El festival que se ha convertido en un cl\u00e1sico para San Pedro y la zona tendr\u00e1 el pr\u00f3ximo 5 de octubre una nueva edici\u00f3n, a orillas del r\u00edo, en El Viejo Astillero. El evento contar\u00e1 con la participaci\u00f3n de ocho bandas, que actuar\u00e1n de acuerdo al orden en que el resulten sorteadas esa misma jornada. [&hellip;]<\/p>\n","protected":false},"author":4,"featured_media":59829,"comment_status":"open","ping_status":"closed","sticky":false,"template":"","format":"standard","meta":{"om_disable_all_campaigns":false,"_jetpack_memberships_contains_paid_content":false,"footnotes":""},"categories":[101,2],"tags":[],"class_list":["post-59828","post","type-post","status-publish","format-standard","has-post-thumbnail","hentry","category-interes-general-locales","category-locales"],"aioseo_notices":[],"gutentor_comment":0,"jetpack_featured_media_url":"https:\/\/eldiariodesanpedro.com.ar\/sitio\/wp-content\/uploads\/2019\/09\/WhatsApp-Image-2019-09-11-at-5.14.21-PM.jpeg","jetpack_shortlink":"https:\/\/wp.me\/p6RhLt-fyY","jetpack_sharing_enabled":true,"_links":{"self":[{"href":"https:\/\/eldiariodesanpedro.com.ar\/sitio\/wp-json\/wp\/v2\/posts\/59828","targetHints":{"allow":["GET"]}}],"collection":[{"href":"https:\/\/eldiariodesanpedro.com.ar\/sitio\/wp-json\/wp\/v2\/posts"}],"about":[{"href":"https:\/\/eldiariodesanpedro.com.ar\/sitio\/wp-json\/wp\/v2\/types\/post"}],"author":[{"embeddable":true,"href":"https:\/\/eldiariodesanpedro.com.ar\/sitio\/wp-json\/wp\/v2\/users\/4"}],"replies":[{"embeddable":true,"href":"https:\/\/eldiariodesanpedro.com.ar\/sitio\/wp-json\/wp\/v2\/comments?post=59828"}],"version-history":[{"count":1,"href":"https:\/\/eldiariodesanpedro.com.ar\/sitio\/wp-json\/wp\/v2\/posts\/59828\/revisions"}],"predecessor-version":[{"id":59830,"href":"https:\/\/eldiariodesanpedro.com.ar\/sitio\/wp-json\/wp\/v2\/posts\/59828\/revisions\/59830"}],"wp:featuredmedia":[{"embeddable":true,"href":"https:\/\/eldiariodesanpedro.com.ar\/sitio\/wp-json\/wp\/v2\/media\/59829"}],"wp:attachment":[{"href":"https:\/\/eldiariodesanpedro.com.ar\/sitio\/wp-json\/wp\/v2\/media?parent=59828"}],"wp:term":[{"taxonomy":"category","embeddable":true,"href":"https:\/\/eldiariodesanpedro.com.ar\/sitio\/wp-json\/wp\/v2\/categories?post=59828"},{"taxonomy":"post_tag","embeddable":true,"href":"https:\/\/eldiariodesanpedro.com.ar\/sitio\/wp-json\/wp\/v2\/tags?post=59828"}],"curies":[{"name":"wp","href":"https:\/\/api.w.org\/{rel}","templated":true}]}}