{"id":59826,"date":"2019-09-11T18:23:48","date_gmt":"2019-09-11T21:23:48","guid":{"rendered":"https:\/\/eldiariodesanpedro.com.ar\/sitio\/?p=59826"},"modified":"2019-09-11T18:23:52","modified_gmt":"2019-09-11T21:23:52","slug":"coopser-informa-cortes","status":"publish","type":"post","link":"https:\/\/eldiariodesanpedro.com.ar\/sitio\/coopser-informa-cortes\/","title":{"rendered":"COOPSER informa cortes"},"content":{"rendered":"<!-- VideographyWP Plugin Message: Automatic video embedding prevented by plugin options. -->\n\n<p> COOPSER informa que este jueves 12 de septiembre se cumplir\u00e1, si las condiciones clim\u00e1ticas lo permiten, con un corte programado para tareas de mantenimiento.<\/p>\n\n\n\n<p>La actividad ser\u00e1 de 8 a 12 cubriendo la zona de Calle San Lorenzo desde el 2200 al 3100 aproximadamente.<\/p>\n\n\n\n<p>En caso de lluvia ser\u00e1 reprogramado.\n\n<\/p>\n","protected":false},"excerpt":{"rendered":"<p>COOPSER informa que este jueves 12 de septiembre se cumplir\u00e1, si las condiciones clim\u00e1ticas lo permiten, con un corte programado para tareas de mantenimiento. La actividad ser\u00e1 de 8 a 12 cubriendo la zona de Calle San Lorenzo desde el 2200 al 3100 aproximadamente. En caso de lluvia ser\u00e1 reprogramado.<\/p>\n","protected":false},"author":4,"featured_media":39021,"comment_status":"open","ping_status":"closed","sticky":false,"template":"","format":"standard","meta":{"om_disable_all_campaigns":false,"_jetpack_memberships_contains_paid_content":false,"footnotes":""},"categories":[101,2],"tags":[],"class_list":["post-59826","post","type-post","status-publish","format-standard","has-post-thumbnail","hentry","category-interes-general-locales","category-locales"],"aioseo_notices":[],"gutentor_comment":0,"jetpack_featured_media_url":"https:\/\/eldiariodesanpedro.com.ar\/sitio\/wp-content\/uploads\/2018\/08\/coopser_-_corte_de_luz_7.jpg","jetpack_shortlink":"https:\/\/wp.me\/p6RhLt-fyW","jetpack_sharing_enabled":true,"_links":{"self":[{"href":"https:\/\/eldiariodesanpedro.com.ar\/sitio\/wp-json\/wp\/v2\/posts\/59826","targetHints":{"allow":["GET"]}}],"collection":[{"href":"https:\/\/eldiariodesanpedro.com.ar\/sitio\/wp-json\/wp\/v2\/posts"}],"about":[{"href":"https:\/\/eldiariodesanpedro.com.ar\/sitio\/wp-json\/wp\/v2\/types\/post"}],"author":[{"embeddable":true,"href":"https:\/\/eldiariodesanpedro.com.ar\/sitio\/wp-json\/wp\/v2\/users\/4"}],"replies":[{"embeddable":true,"href":"https:\/\/eldiariodesanpedro.com.ar\/sitio\/wp-json\/wp\/v2\/comments?post=59826"}],"version-history":[{"count":1,"href":"https:\/\/eldiariodesanpedro.com.ar\/sitio\/wp-json\/wp\/v2\/posts\/59826\/revisions"}],"predecessor-version":[{"id":59827,"href":"https:\/\/eldiariodesanpedro.com.ar\/sitio\/wp-json\/wp\/v2\/posts\/59826\/revisions\/59827"}],"wp:featuredmedia":[{"embeddable":true,"href":"https:\/\/eldiariodesanpedro.com.ar\/sitio\/wp-json\/wp\/v2\/media\/39021"}],"wp:attachment":[{"href":"https:\/\/eldiariodesanpedro.com.ar\/sitio\/wp-json\/wp\/v2\/media?parent=59826"}],"wp:term":[{"taxonomy":"category","embeddable":true,"href":"https:\/\/eldiariodesanpedro.com.ar\/sitio\/wp-json\/wp\/v2\/categories?post=59826"},{"taxonomy":"post_tag","embeddable":true,"href":"https:\/\/eldiariodesanpedro.com.ar\/sitio\/wp-json\/wp\/v2\/tags?post=59826"}],"curies":[{"name":"wp","href":"https:\/\/api.w.org\/{rel}","templated":true}]}}