{"id":59823,"date":"2019-09-11T18:15:50","date_gmt":"2019-09-11T21:15:50","guid":{"rendered":"https:\/\/eldiariodesanpedro.com.ar\/sitio\/?p=59823"},"modified":"2019-09-11T18:15:54","modified_gmt":"2019-09-11T21:15:54","slug":"nuevo-horario-de-marketing-digital","status":"publish","type":"post","link":"https:\/\/eldiariodesanpedro.com.ar\/sitio\/nuevo-horario-de-marketing-digital\/","title":{"rendered":"Nuevo horario de Marketing Digital"},"content":{"rendered":"<!-- VideographyWP Plugin Message: Automatic video embedding prevented by plugin options. -->\n\n<p>La Direcci\u00f3n de Modernizaci\u00f3n informa que se suma un nuevo horario para el curso de Marketing Digital. <\/p>\n\n\n\n<p>Es importante recordar que el prop\u00f3sito de este curso es acercar a los j\u00f3venes a los nuevos oficios digitales.<\/p>\n\n\n\n<p>El mismo ser\u00e1 martes y jueves de 14 a 15 hs, tiene una duraci\u00f3n de un mes e inicia el martes 17 de septiembre. <\/p>\n\n\n\n<p>M\u00e1s informaci\u00f3n e inscripci\u00f3n, en el Punto Digital CIC (Dr. Casella esq. Hno. Indio). <\/p>\n","protected":false},"excerpt":{"rendered":"<p>La Direcci\u00f3n de Modernizaci\u00f3n informa que se suma un nuevo horario para el curso de Marketing Digital. Es importante recordar que el prop\u00f3sito de este curso es acercar a los j\u00f3venes a los nuevos oficios digitales. El mismo ser\u00e1 martes y jueves de 14 a 15 hs, tiene una duraci\u00f3n de un mes e inicia [&hellip;]<\/p>\n","protected":false},"author":4,"featured_media":59824,"comment_status":"open","ping_status":"closed","sticky":false,"template":"","format":"standard","meta":{"om_disable_all_campaigns":false,"_jetpack_memberships_contains_paid_content":false,"footnotes":""},"categories":[101,2],"tags":[],"class_list":["post-59823","post","type-post","status-publish","format-standard","has-post-thumbnail","hentry","category-interes-general-locales","category-locales"],"aioseo_notices":[],"gutentor_comment":0,"jetpack_featured_media_url":"https:\/\/eldiariodesanpedro.com.ar\/sitio\/wp-content\/uploads\/2019\/09\/1-1.jpeg","jetpack_shortlink":"https:\/\/wp.me\/p6RhLt-fyT","jetpack_sharing_enabled":true,"_links":{"self":[{"href":"https:\/\/eldiariodesanpedro.com.ar\/sitio\/wp-json\/wp\/v2\/posts\/59823","targetHints":{"allow":["GET"]}}],"collection":[{"href":"https:\/\/eldiariodesanpedro.com.ar\/sitio\/wp-json\/wp\/v2\/posts"}],"about":[{"href":"https:\/\/eldiariodesanpedro.com.ar\/sitio\/wp-json\/wp\/v2\/types\/post"}],"author":[{"embeddable":true,"href":"https:\/\/eldiariodesanpedro.com.ar\/sitio\/wp-json\/wp\/v2\/users\/4"}],"replies":[{"embeddable":true,"href":"https:\/\/eldiariodesanpedro.com.ar\/sitio\/wp-json\/wp\/v2\/comments?post=59823"}],"version-history":[{"count":1,"href":"https:\/\/eldiariodesanpedro.com.ar\/sitio\/wp-json\/wp\/v2\/posts\/59823\/revisions"}],"predecessor-version":[{"id":59825,"href":"https:\/\/eldiariodesanpedro.com.ar\/sitio\/wp-json\/wp\/v2\/posts\/59823\/revisions\/59825"}],"wp:featuredmedia":[{"embeddable":true,"href":"https:\/\/eldiariodesanpedro.com.ar\/sitio\/wp-json\/wp\/v2\/media\/59824"}],"wp:attachment":[{"href":"https:\/\/eldiariodesanpedro.com.ar\/sitio\/wp-json\/wp\/v2\/media?parent=59823"}],"wp:term":[{"taxonomy":"category","embeddable":true,"href":"https:\/\/eldiariodesanpedro.com.ar\/sitio\/wp-json\/wp\/v2\/categories?post=59823"},{"taxonomy":"post_tag","embeddable":true,"href":"https:\/\/eldiariodesanpedro.com.ar\/sitio\/wp-json\/wp\/v2\/tags?post=59823"}],"curies":[{"name":"wp","href":"https:\/\/api.w.org\/{rel}","templated":true}]}}