{"id":59819,"date":"2019-09-11T18:10:03","date_gmt":"2019-09-11T21:10:03","guid":{"rendered":"https:\/\/eldiariodesanpedro.com.ar\/sitio\/?p=59819"},"modified":"2019-09-11T18:38:52","modified_gmt":"2019-09-11T21:38:52","slug":"ramanzini-alberto-vino-a-cerrar-la-grieta","status":"publish","type":"post","link":"https:\/\/eldiariodesanpedro.com.ar\/sitio\/ramanzini-alberto-vino-a-cerrar-la-grieta\/","title":{"rendered":"Ramanzini: \u00abLleg\u00f3 el tiempo de que entre todos saquemos a este pa\u00eds y a San Pedro adelante\u201d"},"content":{"rendered":"<!-- VideographyWP Plugin Message: Automatic video embedding prevented by plugin options. -->\n\n<p>El ex concejal Ariel Ramanzini di\u00e1logo con el Diario de San Pedro sobre su apoyo a la actual candidata a intendente del Frente de Todos la se\u00f1ora  Ester Noat, con quien mantuvo una reuni\u00f3n el pasado martes en la localidad de San Nicolas, donde Sergio Massa se reuni\u00f3 con empresario de la zona.   <\/p>\n\n\n\n<p><strong><em>\u201cCon Ester comenzamos el di\u00e1logo hace unos 15 d\u00edas para empezar a trabajar como una sola unidad, apoyando a esta opci\u00f3n que creemos que es una propuesta con experiencia, sensibilidad social y mucho trabajo territorial, en el que todos los d\u00edas tenemos alguna actividad de trabajo\u201d.<\/em><\/strong><\/p>\n\n\n\n<p>El abogado nos comento \u00bfporque el acompa\u00f1amiento a la candidata?: <strong><em>\u201cEstamos apoyando desde afuera sabiendo que a partir del 10 de diciembre pr\u00f3ximo vamos a tener un nuevo San Pedro, con un proyecto econ\u00f3mico totalmente distinto porque est\u00e1 muy claro que la gesti\u00f3n del intendente actual representa al gobierno nacional, representa a Mauricio Macri osea que Salazar es Mauricio Macri por que lo han apoyado desde el principio hasta hoy, lo que evidencia el da\u00f1o que le ha causado a nuestra ciudad en cuanto a la situaci\u00f3n de los trabajadores, las m\u00e1s de 200 familias que se quedaron sin trabajo por el&nbsp; cierre de las pocas f\u00e1bricas que ten\u00edamos y los comercios, y un puerto totalmente inactivo entre otras cosas\u201d.<\/em><\/strong><\/p>\n\n\n\n<p><strong><em>\u201cDurante toda esta gesti\u00f3n no hubo nunca ning\u00fan planteo de desarrollo, nunca un programa de lo que se iba a hacer, \u00bfcual es la propuesta del intendente para los pr\u00f3ximos 10 a\u00f1os? nunca se planific\u00f3 nada\u201d.<\/em><\/strong><\/p>\n\n\n\n<p>Adem\u00e1s tambi\u00e9n habl\u00f3 sobre cuestionamiento al actual intendente: <strong><em>\u201cEn materia de inseguridad solamente parches, ir siempre detr\u00e1s del problema. En generaci\u00f3n de trabajo tampoco se hizo nada en estos a\u00f1os y en ayuda a los peque\u00f1os y medianos empresarios jam\u00e1s vimos una propuesta, en el desarrollo de la producci\u00f3n tampoco. \u00bfCu\u00e1ntas empresas nos est\u00e1n quedando? En el momento del cierre de las pymes y comercios \u00bfporque el intendente no intervino? \u00bfcomo ayudo a las familias desempleadas? son cuestiones que Salazar y su el equipo local ha mirado para otro lado, lo que provoca que cada vez m\u00e1s gente se encuentre en situaci\u00f3n de vulnerabilidad social\u201d.&nbsp;<\/em><\/strong><\/p>\n\n\n\n<p> <strong><em>\u201cNosotros los representantes del Frente Renovador que integramos el Frente de Todos creemos que el modelo econ\u00f3mico debe ser otro y es ah\u00ed donde entra Alberto Fern\u00e1ndez&nbsp; con otra econom\u00eda, otra forma de hacer pol\u00edtica para terminar con la grieta que es la que a sido la que gobern\u00f3 durante todo este tiempo entre los que est\u00e1n de un lado o los que est\u00e1n del otro; hay que gobernar para todos los argentinos, hay que gobernar para todos los sampedrinos, no solamente para un espacio de poder; por eso se que Alberto a venido para ponerle fin a esta grieta\u201d.<\/em><\/strong><\/p>\n\n\n\n<p> Sobre su anteriores cr\u00edticas al pasado gobierno se refiri\u00f3: <strong><em>\u201cHemos sido muy cr\u00edticos de la gesti\u00f3n de Cristina, tanto Alberto Fern\u00e1ndez como Sergio Massa han sido muy cr\u00edticos con la gesti\u00f3n de la ex presidente, \u00bfde que se trata esto? de ponerle fin a la gesti\u00f3n del actual modelo econ\u00f3mico, \u00bfcomo se hace?&nbsp; Tratando de aprehender de los errores del pasado para no volver a cometerlos pero por sobre todas las cosas construyendo algo para el futuro y el frente de todos no solamente es el kirchnerismo no siendo esto as\u00ed, porque tambi\u00e9n hay que tener en cuenta que dentro de la coalici\u00f3n se engloban los gobernadores que apoyan a nuestro candidato, el equipo de trabajo de Alberto, adem\u00e1s del Frente Renovador entre otros partidos que se unen para enfrentar a un p\u00e9simo modelo econ\u00f3mico que ya ha demostrado sus resultados\u201d.&nbsp;<\/em><\/strong>&nbsp;&nbsp;<\/p>\n\n\n\n<p><em><strong>\u201cCuando a mi me han atac\u00f3 con campa\u00f1a sucia a sido porque los cuestione por ejemplo para saber que&nbsp; han hecho con el dinero de los fondos de seguridad, con la ordenanza de basura cero, lo mismo con la utilizaci\u00f3n de los fondos afectados, ellos no informan cual es la deuda, nunca informaron a trav\u00e9s de concursos p\u00fablicos los puestos de trabajo que ellos hab\u00edan manifestado en hacer. No realizaron la auditor\u00eda para el gobierno anterior que tambi\u00e9n los hab\u00edan prometido, entonces \u00bfcu\u00e1l fue la gesti\u00f3n de Cecilio? en cuanto&nbsp; a todas estas cuestiones, son respuesta que tiene que dar a la gente, el pavimento sirve, pero sirve solo para ayudar a la gente a que pueda llegar a su casa, pero esto se hizo con el dinero enviado por la provincia y la naci\u00f3n producto del endeudamiento. \u00bfPero y el resto de las cosas? en cuanto a lo administrativo, en cuanto a la cantidad de gente, en cuanto a la calidad de servicios; me parece que estamos en una deuda muy grande\u201d.<\/strong><\/em><\/p>\n\n\n\n<p><strong><em>\u201cLo que buscamos es que tras los resultados de las PASO que ya son irreversibles es poder lograr que el pr\u00f3ximo 10 de diciembre halla un nuevo gobierno nacional, provincial y local con una intendente que nos represente y tengamos una alineaci\u00f3n de un mismo frente\u201d.<br><\/em><\/strong><\/p>\n","protected":false},"excerpt":{"rendered":"<p>El ex concejal Ariel Ramanzini di\u00e1logo con el Diario de San Pedro sobre su apoyo a la actual candidata a intendente del Frente de Todos la se\u00f1ora Ester Noat, con quien mantuvo una reuni\u00f3n el pasado martes en la localidad de San Nicolas, donde Sergio Massa se reuni\u00f3 con empresario de la zona. \u201cCon Ester [&hellip;]<\/p>\n","protected":false},"author":4,"featured_media":59782,"comment_status":"open","ping_status":"closed","sticky":false,"template":"","format":"standard","meta":{"om_disable_all_campaigns":false,"_jetpack_memberships_contains_paid_content":false,"footnotes":""},"categories":[50,101,2],"tags":[],"class_list":["post-59819","post","type-post","status-publish","format-standard","has-post-thumbnail","hentry","category-destacadas","category-interes-general-locales","category-locales"],"aioseo_notices":[],"gutentor_comment":0,"jetpack_featured_media_url":"https:\/\/eldiariodesanpedro.com.ar\/sitio\/wp-content\/uploads\/2019\/09\/WhatsApp-Image-2019-09-11-at-8.04.44-AM.jpeg","jetpack_shortlink":"https:\/\/wp.me\/p6RhLt-fyP","jetpack_sharing_enabled":true,"_links":{"self":[{"href":"https:\/\/eldiariodesanpedro.com.ar\/sitio\/wp-json\/wp\/v2\/posts\/59819","targetHints":{"allow":["GET"]}}],"collection":[{"href":"https:\/\/eldiariodesanpedro.com.ar\/sitio\/wp-json\/wp\/v2\/posts"}],"about":[{"href":"https:\/\/eldiariodesanpedro.com.ar\/sitio\/wp-json\/wp\/v2\/types\/post"}],"author":[{"embeddable":true,"href":"https:\/\/eldiariodesanpedro.com.ar\/sitio\/wp-json\/wp\/v2\/users\/4"}],"replies":[{"embeddable":true,"href":"https:\/\/eldiariodesanpedro.com.ar\/sitio\/wp-json\/wp\/v2\/comments?post=59819"}],"version-history":[{"count":4,"href":"https:\/\/eldiariodesanpedro.com.ar\/sitio\/wp-json\/wp\/v2\/posts\/59819\/revisions"}],"predecessor-version":[{"id":59831,"href":"https:\/\/eldiariodesanpedro.com.ar\/sitio\/wp-json\/wp\/v2\/posts\/59819\/revisions\/59831"}],"wp:featuredmedia":[{"embeddable":true,"href":"https:\/\/eldiariodesanpedro.com.ar\/sitio\/wp-json\/wp\/v2\/media\/59782"}],"wp:attachment":[{"href":"https:\/\/eldiariodesanpedro.com.ar\/sitio\/wp-json\/wp\/v2\/media?parent=59819"}],"wp:term":[{"taxonomy":"category","embeddable":true,"href":"https:\/\/eldiariodesanpedro.com.ar\/sitio\/wp-json\/wp\/v2\/categories?post=59819"},{"taxonomy":"post_tag","embeddable":true,"href":"https:\/\/eldiariodesanpedro.com.ar\/sitio\/wp-json\/wp\/v2\/tags?post=59819"}],"curies":[{"name":"wp","href":"https:\/\/api.w.org\/{rel}","templated":true}]}}