{"id":59807,"date":"2019-09-11T11:41:56","date_gmt":"2019-09-11T14:41:56","guid":{"rendered":"https:\/\/eldiariodesanpedro.com.ar\/sitio\/?p=59807"},"modified":"2019-09-11T11:44:24","modified_gmt":"2019-09-11T14:44:24","slug":"presentacion-de-la-4-mega-festival-del-aire","status":"publish","type":"post","link":"https:\/\/eldiariodesanpedro.com.ar\/sitio\/presentacion-de-la-4-mega-festival-del-aire\/","title":{"rendered":"Presentaci\u00f3n de la 4\u00b0 Mega Festival del Aire"},"content":{"rendered":"<!-- VideographyWP Plugin Message: Automatic video embedding prevented by plugin options. -->\n\n<p>\n\nSe realiz\u00f3 esta ma\u00f1ana, en la Casona de Turismo, la presentaci\u00f3n del cronograma de actividades del 4\u00b0 Mega Festival del Aire, que se llevar\u00e1 a cabo en el Aeroclub el pr\u00f3ximo fin de semana. Participaron de la presentaci\u00f3n la Directora de Turismo Marcela Cu\u00f1er y organizadores de este espect\u00e1culo. Adem\u00e1s de la grilla art\u00edstica, se destacan los vuelos de bautismo y de semilla, para todas aquellas personas con discapacidad que quieran disfrutar, de manera gratuita, la sensaci\u00f3n de volar.<\/p>\n\n\n\n<p><strong><em>Grilla:<br>S\u00e1bado 14\/09<\/em><\/strong><br>15hs: Taller para ni\u00f1os con globos \u2013 Mar\u00eda Oilher<br>15.15hs: Contrapiso \u2013 San Miguel<br>16hs: Zumba \u2013 Ivana Cislo<br>16.30hs: Grupo Juvenil \u2013 Reggaeton Full de Tom Negrete<br>16.30hs: Acrobacias en el aire<br>17 hs: Basiliky<br>17.45: Contrapiso \u2013 San Miguel<\/p>\n\n\n\n<p><strong><em>Domingo 15\/09<br><\/em><\/strong>14.30hs: Taller para ni\u00f1os con globos \u2013 Mar\u00eda Oilher<br>15hs: Contrapiso \u2013 San Miguel<br>15.30hs: Bailando Comercial SP<br>16hs: Natalia Guti\u00e9rrez \u2013 Reggaeton Infantil<br>16.30hs: Acrobacias en el aire<br>17hs: Pichuco G\u00f3mez \u2013 Comercial<\/p>\n\n\n\n<p><strong><em>Entrada libre y gratuita \u2013 Llevar un alimento no perecedero <\/em><\/strong><\/p>\n\n\n\n<figure class=\"wp-block-image\"><img decoding=\"async\" width=\"723\" height=\"723\" data-attachment-id=\"59809\" data-permalink=\"https:\/\/eldiariodesanpedro.com.ar\/sitio\/presentacion-de-la-4-mega-festival-del-aire\/1-4-2\/\" data-orig-file=\"https:\/\/eldiariodesanpedro.com.ar\/sitio\/wp-content\/uploads\/2019\/09\/1-4.jpg\" data-orig-size=\"723,723\" data-comments-opened=\"1\" data-image-meta=\"{&quot;aperture&quot;:&quot;0&quot;,&quot;credit&quot;:&quot;&quot;,&quot;camera&quot;:&quot;&quot;,&quot;caption&quot;:&quot;&quot;,&quot;created_timestamp&quot;:&quot;0&quot;,&quot;copyright&quot;:&quot;&quot;,&quot;focal_length&quot;:&quot;0&quot;,&quot;iso&quot;:&quot;0&quot;,&quot;shutter_speed&quot;:&quot;0&quot;,&quot;title&quot;:&quot;&quot;,&quot;orientation&quot;:&quot;0&quot;}\" data-image-title=\"1-4\" data-image-description=\"\" data-image-caption=\"\" data-large-file=\"https:\/\/eldiariodesanpedro.com.ar\/sitio\/wp-content\/uploads\/2019\/09\/1-4.jpg\" data-src=\"https:\/\/eldiariodesanpedro.com.ar\/sitio\/wp-content\/uploads\/2019\/09\/1-4.jpg\" alt=\"\" class=\"wp-image-59809 lazyload\" data-srcset=\"https:\/\/eldiariodesanpedro.com.ar\/sitio\/wp-content\/uploads\/2019\/09\/1-4.jpg 723w, https:\/\/eldiariodesanpedro.com.ar\/sitio\/wp-content\/uploads\/2019\/09\/1-4-150x150.jpg 150w, https:\/\/eldiariodesanpedro.com.ar\/sitio\/wp-content\/uploads\/2019\/09\/1-4-300x300.jpg 300w\" data-sizes=\"(max-width: 723px) 100vw, 723px\" src=\"data:image\/svg+xml;base64,PHN2ZyB3aWR0aD0iMSIgaGVpZ2h0PSIxIiB4bWxucz0iaHR0cDovL3d3dy53My5vcmcvMjAwMC9zdmciPjwvc3ZnPg==\" style=\"--smush-placeholder-width: 723px; --smush-placeholder-aspect-ratio: 723\/723;\" \/><\/figure>\n\n\n\n<figure class=\"wp-block-image\"><img decoding=\"async\" width=\"1280\" height=\"1024\" data-attachment-id=\"59810\" data-permalink=\"https:\/\/eldiariodesanpedro.com.ar\/sitio\/presentacion-de-la-4-mega-festival-del-aire\/4-1-3\/\" data-orig-file=\"https:\/\/eldiariodesanpedro.com.ar\/sitio\/wp-content\/uploads\/2019\/09\/4-1.jpeg\" data-orig-size=\"1280,1024\" data-comments-opened=\"1\" data-image-meta=\"{&quot;aperture&quot;:&quot;0&quot;,&quot;credit&quot;:&quot;&quot;,&quot;camera&quot;:&quot;&quot;,&quot;caption&quot;:&quot;&quot;,&quot;created_timestamp&quot;:&quot;0&quot;,&quot;copyright&quot;:&quot;&quot;,&quot;focal_length&quot;:&quot;0&quot;,&quot;iso&quot;:&quot;0&quot;,&quot;shutter_speed&quot;:&quot;0&quot;,&quot;title&quot;:&quot;&quot;,&quot;orientation&quot;:&quot;0&quot;}\" data-image-title=\"4-1\" data-image-description=\"\" data-image-caption=\"\" data-large-file=\"https:\/\/eldiariodesanpedro.com.ar\/sitio\/wp-content\/uploads\/2019\/09\/4-1-1024x819.jpeg\" data-src=\"https:\/\/i1.wp.com\/eldiariodesanpedro.com.ar\/sitio\/wp-content\/uploads\/2019\/09\/4-1.jpeg?fit=660%2C528\" alt=\"\" class=\"wp-image-59810 lazyload\" data-srcset=\"https:\/\/eldiariodesanpedro.com.ar\/sitio\/wp-content\/uploads\/2019\/09\/4-1.jpeg 1280w, https:\/\/eldiariodesanpedro.com.ar\/sitio\/wp-content\/uploads\/2019\/09\/4-1-300x240.jpeg 300w, https:\/\/eldiariodesanpedro.com.ar\/sitio\/wp-content\/uploads\/2019\/09\/4-1-768x614.jpeg 768w, https:\/\/eldiariodesanpedro.com.ar\/sitio\/wp-content\/uploads\/2019\/09\/4-1-1024x819.jpeg 1024w\" data-sizes=\"(max-width: 1280px) 100vw, 1280px\" src=\"data:image\/svg+xml;base64,PHN2ZyB3aWR0aD0iMSIgaGVpZ2h0PSIxIiB4bWxucz0iaHR0cDovL3d3dy53My5vcmcvMjAwMC9zdmciPjwvc3ZnPg==\" style=\"--smush-placeholder-width: 1280px; --smush-placeholder-aspect-ratio: 1280\/1024;\" \/><\/figure>\n","protected":false},"excerpt":{"rendered":"<p>Se realiz\u00f3 esta ma\u00f1ana, en la Casona de Turismo, la presentaci\u00f3n del cronograma de actividades del 4\u00b0 Mega Festival del Aire, que se llevar\u00e1 a cabo en el Aeroclub el pr\u00f3ximo fin de semana. Participaron de la presentaci\u00f3n la Directora de Turismo Marcela Cu\u00f1er y organizadores de este espect\u00e1culo. Adem\u00e1s de la grilla art\u00edstica, se [&hellip;]<\/p>\n","protected":false},"author":4,"featured_media":59808,"comment_status":"open","ping_status":"closed","sticky":false,"template":"","format":"standard","meta":{"om_disable_all_campaigns":false,"_jetpack_memberships_contains_paid_content":false,"footnotes":""},"categories":[50,101,2],"tags":[],"class_list":["post-59807","post","type-post","status-publish","format-standard","has-post-thumbnail","hentry","category-destacadas","category-interes-general-locales","category-locales"],"aioseo_notices":[],"gutentor_comment":0,"jetpack_featured_media_url":"https:\/\/eldiariodesanpedro.com.ar\/sitio\/wp-content\/uploads\/2019\/09\/2-1.jpg","jetpack_shortlink":"https:\/\/wp.me\/p6RhLt-fyD","jetpack_sharing_enabled":true,"_links":{"self":[{"href":"https:\/\/eldiariodesanpedro.com.ar\/sitio\/wp-json\/wp\/v2\/posts\/59807","targetHints":{"allow":["GET"]}}],"collection":[{"href":"https:\/\/eldiariodesanpedro.com.ar\/sitio\/wp-json\/wp\/v2\/posts"}],"about":[{"href":"https:\/\/eldiariodesanpedro.com.ar\/sitio\/wp-json\/wp\/v2\/types\/post"}],"author":[{"embeddable":true,"href":"https:\/\/eldiariodesanpedro.com.ar\/sitio\/wp-json\/wp\/v2\/users\/4"}],"replies":[{"embeddable":true,"href":"https:\/\/eldiariodesanpedro.com.ar\/sitio\/wp-json\/wp\/v2\/comments?post=59807"}],"version-history":[{"count":1,"href":"https:\/\/eldiariodesanpedro.com.ar\/sitio\/wp-json\/wp\/v2\/posts\/59807\/revisions"}],"predecessor-version":[{"id":59811,"href":"https:\/\/eldiariodesanpedro.com.ar\/sitio\/wp-json\/wp\/v2\/posts\/59807\/revisions\/59811"}],"wp:featuredmedia":[{"embeddable":true,"href":"https:\/\/eldiariodesanpedro.com.ar\/sitio\/wp-json\/wp\/v2\/media\/59808"}],"wp:attachment":[{"href":"https:\/\/eldiariodesanpedro.com.ar\/sitio\/wp-json\/wp\/v2\/media?parent=59807"}],"wp:term":[{"taxonomy":"category","embeddable":true,"href":"https:\/\/eldiariodesanpedro.com.ar\/sitio\/wp-json\/wp\/v2\/categories?post=59807"},{"taxonomy":"post_tag","embeddable":true,"href":"https:\/\/eldiariodesanpedro.com.ar\/sitio\/wp-json\/wp\/v2\/tags?post=59807"}],"curies":[{"name":"wp","href":"https:\/\/api.w.org\/{rel}","templated":true}]}}