{"id":59804,"date":"2019-09-11T11:39:26","date_gmt":"2019-09-11T14:39:26","guid":{"rendered":"https:\/\/eldiariodesanpedro.com.ar\/sitio\/?p=59804"},"modified":"2019-09-11T11:39:31","modified_gmt":"2019-09-11T14:39:31","slug":"san-nicolas-emergencia-alimentaria-en-san-nicolas-una-respuesta-politica-a-la-crisis-social","status":"publish","type":"post","link":"https:\/\/eldiariodesanpedro.com.ar\/sitio\/san-nicolas-emergencia-alimentaria-en-san-nicolas-una-respuesta-politica-a-la-crisis-social\/","title":{"rendered":"SAN NICOL\u00c1S | Emergencia alimentaria en San Nicolas, una respuesta pol\u00edtica a la crisis social"},"content":{"rendered":"<!-- VideographyWP Plugin Message: Automatic video embedding prevented by plugin options. -->\n\n<p>Tal como adelantara EL NORTE en su edici\u00f3n de ayer, el Intendente Municipal Manuel Passaglia declar\u00f3 por decreto la \u00abemergencia alimentaria\u00bb en el Partido de San Nicol\u00e1s, y orden\u00f3 la compra de 10.000 kilos de alimentos para distribuir entre los comedores de la ciudad.<\/p>\n\n\n\n<p>La decisi\u00f3n del jefe comunal se funda en la dif\u00edcil situaci\u00f3n que atraviesa un sector de la sociedad. Y busca dar atenci\u00f3n a la creciente demanda de ni\u00f1os que acuden a comedores, destinando recursos y alimentos para garantizar que a ning\u00fan ni\u00f1o de San Nicol\u00e1s le falte comida.<br>\nEl texto del decreto que lleva la firma del Intendente Manuel Passaglia entre sus considerandos que \u00abel derecho a la alimentaci\u00f3n es uno de los derechos b\u00e1sicos de toda persona, amparado en la Declaraci\u00f3n de los Derechos Humanos. Que una correcta alimentaci\u00f3n en los ni\u00f1os es necesaria para su normal desarrollo. Que la declaraci\u00f3n de la emergencia permite agilizar los procesos de compra para asegurar la distribuci\u00f3n de alimentos en los comedores y merenderos existentes en el Partido de San Nicol\u00e1s. Que resulta necesario reforzar y fortalecer las l\u00edneas de acci\u00f3n que se vienen llevando adelante. Por ello, el Sr. Intendente en uso de sus atribuciones legales resuelve:<\/p>\n\n\n\n<ul class=\"wp-block-list\"><li>Art\u00edculo 1\u00ba: Decr\u00e9tase la emergencia alimentaria en el Partido de San Nicol\u00e1s por el lapso de un a\u00f1o a partir de la promulgaci\u00f3n del presente.<\/li><li>Art\u00edculo 2\u00ba: Encomendar a las diferentes Secretar\u00edas Municipales que arbitren los medios necesarios para la correcta implementaci\u00f3n de la presente medida.<\/li><li>Art\u00edculo 3\u00ba: Solicitar al Departamento Ejecutivo Nacional y Provincial que refuerce la asistencia alimentaria dispuesta para el Municipio de San Nicol\u00e1s.<\/li><\/ul>\n\n\n\n<p>A beneficio<br> Asimismo, el jefe comunal dispuso que la apertura del Estadio Municipal, a realizarse el mes pr\u00f3ximo y donde se espera convocar cerca de 20 mil personas, sea a beneficio de estas instituciones.<br> La declaraci\u00f3n se justifica en la necesidad de trabajar en un plan de acci\u00f3n que contemple todas las medidas necesarias para dar una respuesta efectiva a la situaci\u00f3n que atraviesan las familias nicole\u00f1as, pensando especialmente en los ni\u00f1os que se encuentran en situaci\u00f3n de vulnerabilidad.<\/p>\n\n\n\n<p>Fuente: Diario El Norte<\/p>\n","protected":false},"excerpt":{"rendered":"<p>Tal como adelantara EL NORTE en su edici\u00f3n de ayer, el Intendente Municipal Manuel Passaglia declar\u00f3 por decreto la \u00abemergencia alimentaria\u00bb en el Partido de San Nicol\u00e1s, y orden\u00f3 la compra de 10.000 kilos de alimentos para distribuir entre los comedores de la ciudad. La decisi\u00f3n del jefe comunal se funda en la dif\u00edcil situaci\u00f3n [&hellip;]<\/p>\n","protected":false},"author":4,"featured_media":59805,"comment_status":"open","ping_status":"closed","sticky":false,"template":"","format":"standard","meta":{"om_disable_all_campaigns":false,"_jetpack_memberships_contains_paid_content":false,"footnotes":""},"categories":[621],"tags":[],"class_list":["post-59804","post","type-post","status-publish","format-standard","has-post-thumbnail","hentry","category-regionales"],"aioseo_notices":[],"gutentor_comment":0,"jetpack_featured_media_url":"https:\/\/eldiariodesanpedro.com.ar\/sitio\/wp-content\/uploads\/2019\/09\/0-1-1.jpg","jetpack_shortlink":"https:\/\/wp.me\/p6RhLt-fyA","jetpack_sharing_enabled":true,"_links":{"self":[{"href":"https:\/\/eldiariodesanpedro.com.ar\/sitio\/wp-json\/wp\/v2\/posts\/59804","targetHints":{"allow":["GET"]}}],"collection":[{"href":"https:\/\/eldiariodesanpedro.com.ar\/sitio\/wp-json\/wp\/v2\/posts"}],"about":[{"href":"https:\/\/eldiariodesanpedro.com.ar\/sitio\/wp-json\/wp\/v2\/types\/post"}],"author":[{"embeddable":true,"href":"https:\/\/eldiariodesanpedro.com.ar\/sitio\/wp-json\/wp\/v2\/users\/4"}],"replies":[{"embeddable":true,"href":"https:\/\/eldiariodesanpedro.com.ar\/sitio\/wp-json\/wp\/v2\/comments?post=59804"}],"version-history":[{"count":1,"href":"https:\/\/eldiariodesanpedro.com.ar\/sitio\/wp-json\/wp\/v2\/posts\/59804\/revisions"}],"predecessor-version":[{"id":59806,"href":"https:\/\/eldiariodesanpedro.com.ar\/sitio\/wp-json\/wp\/v2\/posts\/59804\/revisions\/59806"}],"wp:featuredmedia":[{"embeddable":true,"href":"https:\/\/eldiariodesanpedro.com.ar\/sitio\/wp-json\/wp\/v2\/media\/59805"}],"wp:attachment":[{"href":"https:\/\/eldiariodesanpedro.com.ar\/sitio\/wp-json\/wp\/v2\/media?parent=59804"}],"wp:term":[{"taxonomy":"category","embeddable":true,"href":"https:\/\/eldiariodesanpedro.com.ar\/sitio\/wp-json\/wp\/v2\/categories?post=59804"},{"taxonomy":"post_tag","embeddable":true,"href":"https:\/\/eldiariodesanpedro.com.ar\/sitio\/wp-json\/wp\/v2\/tags?post=59804"}],"curies":[{"name":"wp","href":"https:\/\/api.w.org\/{rel}","templated":true}]}}