{"id":59801,"date":"2019-09-11T11:35:23","date_gmt":"2019-09-11T14:35:23","guid":{"rendered":"https:\/\/eldiariodesanpedro.com.ar\/sitio\/?p=59801"},"modified":"2019-09-11T11:35:27","modified_gmt":"2019-09-11T14:35:27","slug":"san-nicolas-un-motociclista-atropello-a-un-nino-de-8-anos-y-se-fugo","status":"publish","type":"post","link":"https:\/\/eldiariodesanpedro.com.ar\/sitio\/san-nicolas-un-motociclista-atropello-a-un-nino-de-8-anos-y-se-fugo\/","title":{"rendered":"SAN NICOL\u00c1S | Un motociclista atropell\u00f3 a un ni\u00f1o de 8 a\u00f1os y se fug\u00f3"},"content":{"rendered":"<!-- VideographyWP Plugin Message: Automatic video embedding prevented by plugin options. -->\n\n<p>\n\nEn la noche del jueves, aproximadamente a las 22:50 hs. por causas que se deben esclarecer, un ni\u00f1o de 8 a\u00f1os de edad debi\u00f3 ser trasladado de urgencia al hospital San Felipe, puesto que en Av. Moreno a la altura del 1000, fue embestido por una motocicleta de 110 c\/c., guiada por un desconocido, quien lejos de auxiliar a la peque\u00f1a v\u00edctima que gritaba de dolor, se retir\u00f3 r\u00e1pidamente del lugar. El car\u00e1cter de lesiones del peque\u00f1o son graves pero por suerte sin riesgo de vida. El joven sufri\u00f3 la fractura de tibia y peron\u00e9 de su pierna izquierda. Interiorizada la UFI N\u00b02 San Nicol\u00e1s tom\u00f3 cartas en el asunto y se inici\u00f3 la investigaci\u00f3n con el gabinete criminol\u00f3gico de la Comisaria Tercera a los fines de identificar al motociclista.\n\n<\/p>\n","protected":false},"excerpt":{"rendered":"<p>En la noche del jueves, aproximadamente a las 22:50 hs. por causas que se deben esclarecer, un ni\u00f1o de 8 a\u00f1os de edad debi\u00f3 ser trasladado de urgencia al hospital San Felipe, puesto que en Av. Moreno a la altura del 1000, fue embestido por una motocicleta de 110 c\/c., guiada por un desconocido, quien [&hellip;]<\/p>\n","protected":false},"author":4,"featured_media":59802,"comment_status":"open","ping_status":"closed","sticky":false,"template":"","format":"standard","meta":{"om_disable_all_campaigns":false,"_jetpack_memberships_contains_paid_content":false,"footnotes":""},"categories":[621],"tags":[],"class_list":["post-59801","post","type-post","status-publish","format-standard","has-post-thumbnail","hentry","category-regionales"],"aioseo_notices":[],"gutentor_comment":0,"jetpack_featured_media_url":"https:\/\/eldiariodesanpedro.com.ar\/sitio\/wp-content\/uploads\/2019\/09\/0-4.jpg","jetpack_shortlink":"https:\/\/wp.me\/p6RhLt-fyx","jetpack_sharing_enabled":true,"_links":{"self":[{"href":"https:\/\/eldiariodesanpedro.com.ar\/sitio\/wp-json\/wp\/v2\/posts\/59801","targetHints":{"allow":["GET"]}}],"collection":[{"href":"https:\/\/eldiariodesanpedro.com.ar\/sitio\/wp-json\/wp\/v2\/posts"}],"about":[{"href":"https:\/\/eldiariodesanpedro.com.ar\/sitio\/wp-json\/wp\/v2\/types\/post"}],"author":[{"embeddable":true,"href":"https:\/\/eldiariodesanpedro.com.ar\/sitio\/wp-json\/wp\/v2\/users\/4"}],"replies":[{"embeddable":true,"href":"https:\/\/eldiariodesanpedro.com.ar\/sitio\/wp-json\/wp\/v2\/comments?post=59801"}],"version-history":[{"count":1,"href":"https:\/\/eldiariodesanpedro.com.ar\/sitio\/wp-json\/wp\/v2\/posts\/59801\/revisions"}],"predecessor-version":[{"id":59803,"href":"https:\/\/eldiariodesanpedro.com.ar\/sitio\/wp-json\/wp\/v2\/posts\/59801\/revisions\/59803"}],"wp:featuredmedia":[{"embeddable":true,"href":"https:\/\/eldiariodesanpedro.com.ar\/sitio\/wp-json\/wp\/v2\/media\/59802"}],"wp:attachment":[{"href":"https:\/\/eldiariodesanpedro.com.ar\/sitio\/wp-json\/wp\/v2\/media?parent=59801"}],"wp:term":[{"taxonomy":"category","embeddable":true,"href":"https:\/\/eldiariodesanpedro.com.ar\/sitio\/wp-json\/wp\/v2\/categories?post=59801"},{"taxonomy":"post_tag","embeddable":true,"href":"https:\/\/eldiariodesanpedro.com.ar\/sitio\/wp-json\/wp\/v2\/tags?post=59801"}],"curies":[{"name":"wp","href":"https:\/\/api.w.org\/{rel}","templated":true}]}}