{"id":598,"date":"2015-11-24T23:03:00","date_gmt":"2015-11-25T02:03:00","guid":{"rendered":"http:\/\/www.eldiariodesanpedro.com.ar\/?p=598"},"modified":"2015-11-26T23:03:17","modified_gmt":"2015-11-27T02:03:17","slug":"crimen-de-ramallo-la-principal-hipotesis-es-que-zamora-degollo-a-la-victima","status":"publish","type":"post","link":"https:\/\/eldiariodesanpedro.com.ar\/sitio\/crimen-de-ramallo-la-principal-hipotesis-es-que-zamora-degollo-a-la-victima\/","title":{"rendered":"Crimen de Ramallo: La principal hip\u00f3tesis es que Zamora degoll\u00f3 a la v\u00edctima"},"content":{"rendered":"<p><!-- VideographyWP Plugin Message: Automatic video embedding prevented by plugin options. --><\/p>\n<div>El fiscal de la causa, Dar\u00edo Giagnorio, indag\u00f3 en las \u00faltimas horas a Ram\u00f3n Ovejero y a su esposa Mar\u00eda Zamora, due\u00f1os del comercio donde la v\u00edctima era empleada, como coautores del delito de \u201chomicidio simple\u201d.<br \/>\nEl representante del Ministerio P\u00fablico Fiscal acus\u00f3 a Zamora de ser quien cometi\u00f3 el crimen de Garc\u00eda motivada por un ataque de \u201ccelos\u201d, por lo que por el momento no agrav\u00f3 la calificaci\u00f3n legal con la figura de \u201cviolencia g\u00e9nero\u201d. Seg\u00fan las fuentes, uno los elementos centrales para acusar a Zamora fue que los forenses determinaron que quien degoll\u00f3 a Garc\u00eda era una persona zurda, al igual que la imputada. Mientras que la principal hip\u00f3tesis apunta a que Ovejero intervino en la ocultaci\u00f3n del cuerpo y en limpiar la escena del crimen para borrar pruebas.<br \/>\nSiempre de acuerdo a esa l\u00ednea investigativa, el homicidio fue cometido en el comercio de Ovejero donde se secuestr\u00f3 un cuchillo que ser\u00e1 sometido a peritajes para determinar si es el arma utilizada para degollar a Garc\u00eda.<br \/>\nLos voceros consultados precisaron que tanto el cuchillo como el interior del local comercial estaban limpios y ordenados, lo que refuerza la hip\u00f3tesis de que se busc\u00f3 borrar rastros de lo ocurrido. Las mismas fuentes se\u00f1alaron que la autopsia confirm\u00f3 que la empleada presentaba un profundo corte en la car\u00f3tida, lo que le caus\u00f3 la muerte.<br \/>\nPor \u00faltimo, un vocero de la pesquisa explic\u00f3 que el matrimonio acusado habla mantenido discusiones debido a los celos que aparentemente despertaba en Zamora la relaci\u00f3n cercana que hab\u00eda entre su esposo y Garc\u00eda.<\/div>\n<div><\/div>\n<div>El ex esposo de la mujer asesinada en Ramallo expres\u00f3 su dolor en Facebook<\/div>\n<div><\/div>\n<div>A trav\u00e9s de la Red Social, el ex marido de Silvia Garc\u00eda, la mujer asesinada el viernes pasado en la vecina localidad, dej\u00f3 un mensaje de despedida.<br \/>\nEn su Facebook personal, Gabriel Guglielmetti, expres\u00f3 todo su dolor: \u201cSilvia .. Fuiste, sos y ser\u00e1s el gran amor de mi vida, te amo con el alma y el coraz\u00f3n, nunca pero nunca te voy a olvidar !! Fuiste una gran leona con tus hijas diste todo por ellas .. Y eso no se olvida m\u00e1s .. Se que alg\u00fan d\u00eda vamos a estar todos juntos, y para siempre , estas en mi coraz\u00f3n y el de tus hijas \u2026 Te amo!! Y te voy amar siempre\u201d.<\/div>\n","protected":false},"excerpt":{"rendered":"<p>El fiscal de la causa, Dar\u00edo Giagnorio, indag\u00f3 en las \u00faltimas horas a Ram\u00f3n Ovejero y a su esposa Mar\u00eda Zamora, due\u00f1os del comercio donde la v\u00edctima era empleada, como coautores del delito de \u201chomicidio simple\u201d. El representante del Ministerio P\u00fablico Fiscal acus\u00f3 a Zamora de ser quien cometi\u00f3 el crimen de Garc\u00eda motivada por [&hellip;]<\/p>\n","protected":false},"author":4,"featured_media":600,"comment_status":"open","ping_status":"closed","sticky":false,"template":"","format":"standard","meta":{"om_disable_all_campaigns":false,"_jetpack_memberships_contains_paid_content":false,"footnotes":""},"categories":[2,103],"tags":[],"class_list":["post-598","post","type-post","status-publish","format-standard","has-post-thumbnail","hentry","category-locales","category-policiales-locales"],"aioseo_notices":[],"gutentor_comment":0,"jetpack_featured_media_url":"https:\/\/eldiariodesanpedro.com.ar\/sitio\/wp-content\/uploads\/2015\/11\/patrulleros400-2712101.jpg","jetpack_shortlink":"https:\/\/wp.me\/p6RhLt-9E","jetpack_sharing_enabled":true,"_links":{"self":[{"href":"https:\/\/eldiariodesanpedro.com.ar\/sitio\/wp-json\/wp\/v2\/posts\/598","targetHints":{"allow":["GET"]}}],"collection":[{"href":"https:\/\/eldiariodesanpedro.com.ar\/sitio\/wp-json\/wp\/v2\/posts"}],"about":[{"href":"https:\/\/eldiariodesanpedro.com.ar\/sitio\/wp-json\/wp\/v2\/types\/post"}],"author":[{"embeddable":true,"href":"https:\/\/eldiariodesanpedro.com.ar\/sitio\/wp-json\/wp\/v2\/users\/4"}],"replies":[{"embeddable":true,"href":"https:\/\/eldiariodesanpedro.com.ar\/sitio\/wp-json\/wp\/v2\/comments?post=598"}],"version-history":[{"count":1,"href":"https:\/\/eldiariodesanpedro.com.ar\/sitio\/wp-json\/wp\/v2\/posts\/598\/revisions"}],"predecessor-version":[{"id":601,"href":"https:\/\/eldiariodesanpedro.com.ar\/sitio\/wp-json\/wp\/v2\/posts\/598\/revisions\/601"}],"wp:featuredmedia":[{"embeddable":true,"href":"https:\/\/eldiariodesanpedro.com.ar\/sitio\/wp-json\/wp\/v2\/media\/600"}],"wp:attachment":[{"href":"https:\/\/eldiariodesanpedro.com.ar\/sitio\/wp-json\/wp\/v2\/media?parent=598"}],"wp:term":[{"taxonomy":"category","embeddable":true,"href":"https:\/\/eldiariodesanpedro.com.ar\/sitio\/wp-json\/wp\/v2\/categories?post=598"},{"taxonomy":"post_tag","embeddable":true,"href":"https:\/\/eldiariodesanpedro.com.ar\/sitio\/wp-json\/wp\/v2\/tags?post=598"}],"curies":[{"name":"wp","href":"https:\/\/api.w.org\/{rel}","templated":true}]}}