{"id":59798,"date":"2019-09-11T11:30:59","date_gmt":"2019-09-11T14:30:59","guid":{"rendered":"https:\/\/eldiariodesanpedro.com.ar\/sitio\/?p=59798"},"modified":"2019-09-11T11:31:03","modified_gmt":"2019-09-11T14:31:03","slug":"san-nicolas-una-menor-y-un-sujeto-detenido-por-robo-calificado","status":"publish","type":"post","link":"https:\/\/eldiariodesanpedro.com.ar\/sitio\/san-nicolas-una-menor-y-un-sujeto-detenido-por-robo-calificado\/","title":{"rendered":"SAN NICOL\u00c1S | Una menor y un sujeto detenido por robo calificado"},"content":{"rendered":"<!-- VideographyWP Plugin Message: Automatic video embedding prevented by plugin options. -->\n\n<p>\n\nPersonal policial aprehendi\u00f3 este martes en calle Necochea y Savio a dos personas que acababan de cometer un robo.<\/p>\n\n\n\n<p>Una menor de 17 a\u00f1os junto a un joven de 24 le hab\u00edan intentado sustraer la cartera a una mujer. Tras la denuncia se inici\u00f3 una investigaci\u00f3n logr\u00e1ndose la aprehensi\u00f3n de ambos.<\/p>\n\n\n\n<p>En poder de la menor se secuestr\u00f3 un arma de aire comprimido de un solo ca\u00f1o y un celular que le pertenec\u00eda a otra mujer que hab\u00eda denunciado un robo el d\u00eda anterior.<\/p>\n\n\n\n<p>Ambos quedaron imputados por Robo Calificado. en las pr\u00f3ximas horas deber\u00e1n prestar declaraci\u00f3n en la fiscal\u00eda. <\/p>\n\n\n\n<p><\/p>\n","protected":false},"excerpt":{"rendered":"<p>Personal policial aprehendi\u00f3 este martes en calle Necochea y Savio a dos personas que acababan de cometer un robo. Una menor de 17 a\u00f1os junto a un joven de 24 le hab\u00edan intentado sustraer la cartera a una mujer. Tras la denuncia se inici\u00f3 una investigaci\u00f3n logr\u00e1ndose la aprehensi\u00f3n de ambos. En poder de la [&hellip;]<\/p>\n","protected":false},"author":4,"featured_media":59799,"comment_status":"open","ping_status":"closed","sticky":false,"template":"","format":"standard","meta":{"om_disable_all_campaigns":false,"_jetpack_memberships_contains_paid_content":false,"footnotes":""},"categories":[621],"tags":[],"class_list":["post-59798","post","type-post","status-publish","format-standard","has-post-thumbnail","hentry","category-regionales"],"aioseo_notices":[],"gutentor_comment":0,"jetpack_featured_media_url":"https:\/\/eldiariodesanpedro.com.ar\/sitio\/wp-content\/uploads\/2019\/09\/conmarca22066.jpg","jetpack_shortlink":"https:\/\/wp.me\/p6RhLt-fyu","jetpack_sharing_enabled":true,"_links":{"self":[{"href":"https:\/\/eldiariodesanpedro.com.ar\/sitio\/wp-json\/wp\/v2\/posts\/59798","targetHints":{"allow":["GET"]}}],"collection":[{"href":"https:\/\/eldiariodesanpedro.com.ar\/sitio\/wp-json\/wp\/v2\/posts"}],"about":[{"href":"https:\/\/eldiariodesanpedro.com.ar\/sitio\/wp-json\/wp\/v2\/types\/post"}],"author":[{"embeddable":true,"href":"https:\/\/eldiariodesanpedro.com.ar\/sitio\/wp-json\/wp\/v2\/users\/4"}],"replies":[{"embeddable":true,"href":"https:\/\/eldiariodesanpedro.com.ar\/sitio\/wp-json\/wp\/v2\/comments?post=59798"}],"version-history":[{"count":1,"href":"https:\/\/eldiariodesanpedro.com.ar\/sitio\/wp-json\/wp\/v2\/posts\/59798\/revisions"}],"predecessor-version":[{"id":59800,"href":"https:\/\/eldiariodesanpedro.com.ar\/sitio\/wp-json\/wp\/v2\/posts\/59798\/revisions\/59800"}],"wp:featuredmedia":[{"embeddable":true,"href":"https:\/\/eldiariodesanpedro.com.ar\/sitio\/wp-json\/wp\/v2\/media\/59799"}],"wp:attachment":[{"href":"https:\/\/eldiariodesanpedro.com.ar\/sitio\/wp-json\/wp\/v2\/media?parent=59798"}],"wp:term":[{"taxonomy":"category","embeddable":true,"href":"https:\/\/eldiariodesanpedro.com.ar\/sitio\/wp-json\/wp\/v2\/categories?post=59798"},{"taxonomy":"post_tag","embeddable":true,"href":"https:\/\/eldiariodesanpedro.com.ar\/sitio\/wp-json\/wp\/v2\/tags?post=59798"}],"curies":[{"name":"wp","href":"https:\/\/api.w.org\/{rel}","templated":true}]}}