{"id":59797,"date":"2019-09-11T11:45:53","date_gmt":"2019-09-11T14:45:53","guid":{"rendered":"https:\/\/eldiariodesanpedro.com.ar\/sitio\/?p=59797"},"modified":"2019-09-11T11:45:57","modified_gmt":"2019-09-11T14:45:57","slug":"robaron-una-motocicleta-8","status":"publish","type":"post","link":"https:\/\/eldiariodesanpedro.com.ar\/sitio\/robaron-una-motocicleta-8\/","title":{"rendered":"Robaron una motocicleta"},"content":{"rendered":"<!-- VideographyWP Plugin Message: Automatic video embedding prevented by plugin options. -->\n\n<p>El hecho lo denuncio una joven de 25 a\u00f1os de edad, siendo propietaria del rodado que habr\u00eda dejado estacionado en la vereda con sistema de seguridad colocado, delincuentes lograron sustraerlo.<\/p>\n\n\n\n<p>Sucedi\u00f3 en calle Combate de Obligado al 600, la joven dejo la motocicleta estacionada y regreso luego de una hora aproximadamente, pero ya no estaba.<\/p>\n\n\n\n<p>Investiga el hecho la fiscalia local.<\/p>\n","protected":false},"excerpt":{"rendered":"<p>El hecho lo denuncio una joven de 25 a\u00f1os de edad, siendo propietaria del rodado que habr\u00eda dejado estacionado en la vereda con sistema de seguridad colocado, delincuentes lograron sustraerlo. Sucedi\u00f3 en calle Combate de Obligado al 600, la joven dejo la motocicleta estacionada y regreso luego de una hora aproximadamente, pero ya no estaba. [&hellip;]<\/p>\n","protected":false},"author":4,"featured_media":54582,"comment_status":"open","ping_status":"closed","sticky":false,"template":"","format":"standard","meta":{"om_disable_all_campaigns":false,"_jetpack_memberships_contains_paid_content":false,"footnotes":""},"categories":[2,103],"tags":[],"class_list":["post-59797","post","type-post","status-publish","format-standard","has-post-thumbnail","hentry","category-locales","category-policiales-locales"],"aioseo_notices":[],"gutentor_comment":0,"jetpack_featured_media_url":"https:\/\/eldiariodesanpedro.com.ar\/sitio\/wp-content\/uploads\/2019\/06\/NUEVOS-PATRULLEROS-POLICIA-02-4-6.jpg","jetpack_shortlink":"https:\/\/wp.me\/p6RhLt-fyt","jetpack_sharing_enabled":true,"_links":{"self":[{"href":"https:\/\/eldiariodesanpedro.com.ar\/sitio\/wp-json\/wp\/v2\/posts\/59797","targetHints":{"allow":["GET"]}}],"collection":[{"href":"https:\/\/eldiariodesanpedro.com.ar\/sitio\/wp-json\/wp\/v2\/posts"}],"about":[{"href":"https:\/\/eldiariodesanpedro.com.ar\/sitio\/wp-json\/wp\/v2\/types\/post"}],"author":[{"embeddable":true,"href":"https:\/\/eldiariodesanpedro.com.ar\/sitio\/wp-json\/wp\/v2\/users\/4"}],"replies":[{"embeddable":true,"href":"https:\/\/eldiariodesanpedro.com.ar\/sitio\/wp-json\/wp\/v2\/comments?post=59797"}],"version-history":[{"count":1,"href":"https:\/\/eldiariodesanpedro.com.ar\/sitio\/wp-json\/wp\/v2\/posts\/59797\/revisions"}],"predecessor-version":[{"id":59812,"href":"https:\/\/eldiariodesanpedro.com.ar\/sitio\/wp-json\/wp\/v2\/posts\/59797\/revisions\/59812"}],"wp:featuredmedia":[{"embeddable":true,"href":"https:\/\/eldiariodesanpedro.com.ar\/sitio\/wp-json\/wp\/v2\/media\/54582"}],"wp:attachment":[{"href":"https:\/\/eldiariodesanpedro.com.ar\/sitio\/wp-json\/wp\/v2\/media?parent=59797"}],"wp:term":[{"taxonomy":"category","embeddable":true,"href":"https:\/\/eldiariodesanpedro.com.ar\/sitio\/wp-json\/wp\/v2\/categories?post=59797"},{"taxonomy":"post_tag","embeddable":true,"href":"https:\/\/eldiariodesanpedro.com.ar\/sitio\/wp-json\/wp\/v2\/tags?post=59797"}],"curies":[{"name":"wp","href":"https:\/\/api.w.org\/{rel}","templated":true}]}}