{"id":59793,"date":"2019-09-11T10:44:57","date_gmt":"2019-09-11T13:44:57","guid":{"rendered":"https:\/\/eldiariodesanpedro.com.ar\/sitio\/?p=59793"},"modified":"2019-09-11T10:45:01","modified_gmt":"2019-09-11T13:45:01","slug":"zarate-prefectura-detuvo-a-un-traficante-en-la-localidad","status":"publish","type":"post","link":"https:\/\/eldiariodesanpedro.com.ar\/sitio\/zarate-prefectura-detuvo-a-un-traficante-en-la-localidad\/","title":{"rendered":"Z\u00c1RATE | Prefectura detuvo a un traficante en la localidad"},"content":{"rendered":"<!-- VideographyWP Plugin Message: Automatic video embedding prevented by plugin options. -->\n\n<p>La Prefectura Naval Argentina detuvo a una persona que comercializaba estupefacientes en la localidad bonaerense de Z\u00e1rate, siguiendo los lineamientos dispuestos por el Ministerio de Seguridad de la Naci\u00f3n, a cargo de Patricia Bullrich.<\/p>\n\n\n\n<p>&nbsp;El procedimiento inici\u00f3 luego de una asistencia que el personal realiz\u00f3 en las calles&nbsp; zarate\u00f1as cuando advirtieron un auto que hab\u00eda dado un vuelco. Al intervenir, Prefectura detect\u00f3 que el veh\u00edculo conten\u00eda estupefacientes en su interior.<\/p>\n\n\n\n<p>&nbsp;Con una orden del Magistrado interviniente, la Fuerza que encabeza Eduardo Scarzello detuvo al conductor y allan\u00f3 su domicilio.<\/p>\n\n\n\n<p>&nbsp;En el lugar, el personal que particip\u00f3 en el operativo hall\u00f3 coca\u00edna, 7.300 dosis de marihuana, plantas de cannabis, pastillas de clonazep\u00e1n y elementos de corte y fraccionamiento.<\/p>\n\n\n\n<p>\u00a0Interviene en la causa el Juzgado de Garant\u00edas n\u00ba 1 del Departamento Judicial Z\u00e1rate \u2013 Campana, a cargo del Dr. Julio Grassi.<\/p>\n\n\n\n<p>Fuente: Impacto Local<\/p>\n\n\n\n<figure class=\"wp-block-image\"><img decoding=\"async\" width=\"960\" height=\"1280\" data-attachment-id=\"59795\" data-permalink=\"https:\/\/eldiariodesanpedro.com.ar\/sitio\/zarate-prefectura-detuvo-a-un-traficante-en-la-localidad\/whatsapp-image-2019-09-07-at-21-36-26\/\" data-orig-file=\"https:\/\/eldiariodesanpedro.com.ar\/sitio\/wp-content\/uploads\/2019\/09\/WhatsApp-Image-2019-09-07-at-21.36.26.jpeg\" data-orig-size=\"960,1280\" data-comments-opened=\"1\" data-image-meta=\"{&quot;aperture&quot;:&quot;0&quot;,&quot;credit&quot;:&quot;&quot;,&quot;camera&quot;:&quot;&quot;,&quot;caption&quot;:&quot;&quot;,&quot;created_timestamp&quot;:&quot;0&quot;,&quot;copyright&quot;:&quot;&quot;,&quot;focal_length&quot;:&quot;0&quot;,&quot;iso&quot;:&quot;0&quot;,&quot;shutter_speed&quot;:&quot;0&quot;,&quot;title&quot;:&quot;&quot;,&quot;orientation&quot;:&quot;0&quot;}\" data-image-title=\"WhatsApp-Image-2019-09-07-at-21.36.26\" data-image-description=\"\" data-image-caption=\"\" data-large-file=\"https:\/\/eldiariodesanpedro.com.ar\/sitio\/wp-content\/uploads\/2019\/09\/WhatsApp-Image-2019-09-07-at-21.36.26-768x1024.jpeg\" data-src=\"https:\/\/i1.wp.com\/eldiariodesanpedro.com.ar\/sitio\/wp-content\/uploads\/2019\/09\/WhatsApp-Image-2019-09-07-at-21.36.26.jpeg?fit=660%2C880\" alt=\"\" class=\"wp-image-59795 lazyload\" data-srcset=\"https:\/\/eldiariodesanpedro.com.ar\/sitio\/wp-content\/uploads\/2019\/09\/WhatsApp-Image-2019-09-07-at-21.36.26.jpeg 960w, https:\/\/eldiariodesanpedro.com.ar\/sitio\/wp-content\/uploads\/2019\/09\/WhatsApp-Image-2019-09-07-at-21.36.26-225x300.jpeg 225w, https:\/\/eldiariodesanpedro.com.ar\/sitio\/wp-content\/uploads\/2019\/09\/WhatsApp-Image-2019-09-07-at-21.36.26-768x1024.jpeg 768w\" data-sizes=\"(max-width: 960px) 100vw, 960px\" src=\"data:image\/svg+xml;base64,PHN2ZyB3aWR0aD0iMSIgaGVpZ2h0PSIxIiB4bWxucz0iaHR0cDovL3d3dy53My5vcmcvMjAwMC9zdmciPjwvc3ZnPg==\" style=\"--smush-placeholder-width: 960px; --smush-placeholder-aspect-ratio: 960\/1280;\" \/><\/figure>\n","protected":false},"excerpt":{"rendered":"<p>La Prefectura Naval Argentina detuvo a una persona que comercializaba estupefacientes en la localidad bonaerense de Z\u00e1rate, siguiendo los lineamientos dispuestos por el Ministerio de Seguridad de la Naci\u00f3n, a cargo de Patricia Bullrich. &nbsp;El procedimiento inici\u00f3 luego de una asistencia que el personal realiz\u00f3 en las calles&nbsp; zarate\u00f1as cuando advirtieron un auto que hab\u00eda [&hellip;]<\/p>\n","protected":false},"author":4,"featured_media":59794,"comment_status":"open","ping_status":"closed","sticky":false,"template":"","format":"standard","meta":{"om_disable_all_campaigns":false,"_jetpack_memberships_contains_paid_content":false,"footnotes":""},"categories":[621],"tags":[],"class_list":["post-59793","post","type-post","status-publish","format-standard","has-post-thumbnail","hentry","category-regionales"],"aioseo_notices":[],"gutentor_comment":0,"jetpack_featured_media_url":"https:\/\/eldiariodesanpedro.com.ar\/sitio\/wp-content\/uploads\/2019\/09\/WhatsApp-Image-2019-09-07-at-21.36.21-1.jpeg","jetpack_shortlink":"https:\/\/wp.me\/p6RhLt-fyp","jetpack_sharing_enabled":true,"_links":{"self":[{"href":"https:\/\/eldiariodesanpedro.com.ar\/sitio\/wp-json\/wp\/v2\/posts\/59793","targetHints":{"allow":["GET"]}}],"collection":[{"href":"https:\/\/eldiariodesanpedro.com.ar\/sitio\/wp-json\/wp\/v2\/posts"}],"about":[{"href":"https:\/\/eldiariodesanpedro.com.ar\/sitio\/wp-json\/wp\/v2\/types\/post"}],"author":[{"embeddable":true,"href":"https:\/\/eldiariodesanpedro.com.ar\/sitio\/wp-json\/wp\/v2\/users\/4"}],"replies":[{"embeddable":true,"href":"https:\/\/eldiariodesanpedro.com.ar\/sitio\/wp-json\/wp\/v2\/comments?post=59793"}],"version-history":[{"count":1,"href":"https:\/\/eldiariodesanpedro.com.ar\/sitio\/wp-json\/wp\/v2\/posts\/59793\/revisions"}],"predecessor-version":[{"id":59796,"href":"https:\/\/eldiariodesanpedro.com.ar\/sitio\/wp-json\/wp\/v2\/posts\/59793\/revisions\/59796"}],"wp:featuredmedia":[{"embeddable":true,"href":"https:\/\/eldiariodesanpedro.com.ar\/sitio\/wp-json\/wp\/v2\/media\/59794"}],"wp:attachment":[{"href":"https:\/\/eldiariodesanpedro.com.ar\/sitio\/wp-json\/wp\/v2\/media?parent=59793"}],"wp:term":[{"taxonomy":"category","embeddable":true,"href":"https:\/\/eldiariodesanpedro.com.ar\/sitio\/wp-json\/wp\/v2\/categories?post=59793"},{"taxonomy":"post_tag","embeddable":true,"href":"https:\/\/eldiariodesanpedro.com.ar\/sitio\/wp-json\/wp\/v2\/tags?post=59793"}],"curies":[{"name":"wp","href":"https:\/\/api.w.org\/{rel}","templated":true}]}}