{"id":59790,"date":"2019-09-11T10:42:25","date_gmt":"2019-09-11T13:42:25","guid":{"rendered":"https:\/\/eldiariodesanpedro.com.ar\/sitio\/?p=59790"},"modified":"2019-09-11T10:42:30","modified_gmt":"2019-09-11T13:42:30","slug":"campana-polemica-por-una-publicidad-que-se-refiere-a-campana-como-pueblo","status":"publish","type":"post","link":"https:\/\/eldiariodesanpedro.com.ar\/sitio\/campana-polemica-por-una-publicidad-que-se-refiere-a-campana-como-pueblo\/","title":{"rendered":"CAMPANA | Pol\u00e9mica por una publicidad que se refiere a Campana como \u00abpueblo\u00bb"},"content":{"rendered":"<!-- VideographyWP Plugin Message: Automatic video embedding prevented by plugin options. -->\n\n<p> Una campa\u00f1a radial lanzada por el Ministerio de Transporte, se refiere a nuestra localidad en t\u00e9rminos de \u201cpueblo\u201d. El Congreso nos declar\u00f3 \u00abciudadanos\u00bb desde hace m\u00e1s de 60 a\u00f1os. Pero para algunos \u00abporte\u00f1os\u00bb, persiste la idea de una poblaci\u00f3n de tipo rural, muy distante e incluso olvidada.<\/p>\n\n\n\n<p>\n\n\u00ab\u00bfDisculpame&#8230;sab\u00e9s como llego a Campana?. La pregunta abre la publicidad del Ministerio de Transporte de la Naci\u00f3n, en la cual se combinan las orientaciones geolocalizadas con varios consejos de seguridad vial, a la hora de conducir. Sin embargo, sobre el final, una palabra tocar\u00eda la sensibilidad de muchos campanenses cuando uno de los interlocutores se refiere a nuestra Ciudad como \u201cpueblo\u201d.<\/p>\n\n\n\n<p>\u201cCuando lleg\u00e1s a la primera rotonda, ah\u00ed le das a la derecha. Son m\u00e1s o menos cien o doscientos metros\u2026 ah\u00ed vas a tener la entrada al pueblo\u201d se\u00f1ala el audio difundido por las principales emisoras capitalinas. Entonces, la \u201ccalentura\u201d crece cuando adem\u00e1s aparecen varios errores en la explicaci\u00f3n, con rotondas que no existen, accesos que difieren, y un total desconocimiento del lugar donde habitan m\u00e1s de 100.000 personas en la actualidad, y que se constituye como principal puerta al Mercosur.<\/p>\n\n\n\n<p>Pero lejos de intentar hablar desde la tribuna y con la camiseta, seamos objetivos y expliqu\u00e9mosle a este \u201cconfundido\u201d personaje (y a los productores de la publicidad), algunas cosas. Seg\u00fan el Senado y la C\u00e1mara de Diputados de la Provincia de Buenos Aires, aquello que determina que una localidad pueda obtener el reconocimiento como Ciudad, y no como simple asentamiento, pueblo o poblado, parte de dos consideraciones: una demogr\u00e1fica y otra socio-administrativa (seg\u00fan Ley 10806).<\/p>\n\n\n\n<p>Respecto a la primera, para poder identificarse como Ciudad a una localidad fuera del Conurbano Bonaerense o el Gran La Plata, \u00e9sta debe contar con m\u00e1s de 5000 habitantes. Seg\u00fan el \u00faltimo censo en 2010, el Partido de Campana cuenta ya con m\u00e1s de 94 mil ciudadanos, 86 mil de los cuales s\u00f3lo en el casco urbano.<\/p>\n\n\n\n<p>En cuanto al aspecto administrativo, la ley exige la disposici\u00f3n de instituciones y servicios tales como: Oficina de Correo, Banco, Comisar\u00eda, Redes de Servicios (electricidad, alumbrado, agua, carreteras, recolecci\u00f3n de residuos), y Establecimientos para el Bien P\u00fablico (educaci\u00f3n, salud, cultura y deporte).<\/p>\n\n\n\n<p>Nuestra ciudad cumple con estos requisitos de manera tal que ya fue declarada como Ciudad legalmente por el congreso provincial hace m\u00e1s de 60 a\u00f1os, el 24 de noviembre de 1958 (seg\u00fan Ley 5975).<\/p>\n\n\n\n<p>Aclarado todo y saldada esta deuda con la memoria de Luis y Eduardo Costa, esperamos una correcci\u00f3n por parte del Ministerio de Transporte, o al menos, un GPS (actualizado) para quienes desde el desconocimiento no pueden explicar nada, y mucho menos, dar consejo alguno.<\/p>\n\n\n\n<p>Fuente: Campana Noticias<\/p>\n","protected":false},"excerpt":{"rendered":"<p>Una campa\u00f1a radial lanzada por el Ministerio de Transporte, se refiere a nuestra localidad en t\u00e9rminos de \u201cpueblo\u201d. El Congreso nos declar\u00f3 \u00abciudadanos\u00bb desde hace m\u00e1s de 60 a\u00f1os. Pero para algunos \u00abporte\u00f1os\u00bb, persiste la idea de una poblaci\u00f3n de tipo rural, muy distante e incluso olvidada. \u00ab\u00bfDisculpame&#8230;sab\u00e9s como llego a Campana?. La pregunta abre [&hellip;]<\/p>\n","protected":false},"author":4,"featured_media":59791,"comment_status":"open","ping_status":"closed","sticky":false,"template":"","format":"standard","meta":{"om_disable_all_campaigns":false,"_jetpack_memberships_contains_paid_content":false,"footnotes":""},"categories":[621],"tags":[],"class_list":["post-59790","post","type-post","status-publish","format-standard","has-post-thumbnail","hentry","category-regionales"],"aioseo_notices":[],"gutentor_comment":0,"jetpack_featured_media_url":"https:\/\/eldiariodesanpedro.com.ar\/sitio\/wp-content\/uploads\/2019\/09\/20190911101637.jpg","jetpack_shortlink":"https:\/\/wp.me\/p6RhLt-fym","jetpack_sharing_enabled":true,"_links":{"self":[{"href":"https:\/\/eldiariodesanpedro.com.ar\/sitio\/wp-json\/wp\/v2\/posts\/59790","targetHints":{"allow":["GET"]}}],"collection":[{"href":"https:\/\/eldiariodesanpedro.com.ar\/sitio\/wp-json\/wp\/v2\/posts"}],"about":[{"href":"https:\/\/eldiariodesanpedro.com.ar\/sitio\/wp-json\/wp\/v2\/types\/post"}],"author":[{"embeddable":true,"href":"https:\/\/eldiariodesanpedro.com.ar\/sitio\/wp-json\/wp\/v2\/users\/4"}],"replies":[{"embeddable":true,"href":"https:\/\/eldiariodesanpedro.com.ar\/sitio\/wp-json\/wp\/v2\/comments?post=59790"}],"version-history":[{"count":1,"href":"https:\/\/eldiariodesanpedro.com.ar\/sitio\/wp-json\/wp\/v2\/posts\/59790\/revisions"}],"predecessor-version":[{"id":59792,"href":"https:\/\/eldiariodesanpedro.com.ar\/sitio\/wp-json\/wp\/v2\/posts\/59790\/revisions\/59792"}],"wp:featuredmedia":[{"embeddable":true,"href":"https:\/\/eldiariodesanpedro.com.ar\/sitio\/wp-json\/wp\/v2\/media\/59791"}],"wp:attachment":[{"href":"https:\/\/eldiariodesanpedro.com.ar\/sitio\/wp-json\/wp\/v2\/media?parent=59790"}],"wp:term":[{"taxonomy":"category","embeddable":true,"href":"https:\/\/eldiariodesanpedro.com.ar\/sitio\/wp-json\/wp\/v2\/categories?post=59790"},{"taxonomy":"post_tag","embeddable":true,"href":"https:\/\/eldiariodesanpedro.com.ar\/sitio\/wp-json\/wp\/v2\/tags?post=59790"}],"curies":[{"name":"wp","href":"https:\/\/api.w.org\/{rel}","templated":true}]}}