{"id":59787,"date":"2019-09-11T10:40:33","date_gmt":"2019-09-11T13:40:33","guid":{"rendered":"https:\/\/eldiariodesanpedro.com.ar\/sitio\/?p=59787"},"modified":"2019-09-11T10:40:37","modified_gmt":"2019-09-11T13:40:37","slug":"ramallo-descendio-la-tasa-de-mortalidad-infantil-en-la-localidad","status":"publish","type":"post","link":"https:\/\/eldiariodesanpedro.com.ar\/sitio\/ramallo-descendio-la-tasa-de-mortalidad-infantil-en-la-localidad\/","title":{"rendered":"RAMALLO | Descendi\u00f3 la tasa de mortalidad infantil en la localidad"},"content":{"rendered":"<!-- VideographyWP Plugin Message: Automatic video embedding prevented by plugin options. -->\n\n<p>Seg\u00fan un informe realizado por la Universidad Nacional de Rosario, basado en informes del DEIS (Direcci\u00f3n de Estad\u00edstica e Informaci\u00f3n de Salud), Ramallo ha tenido un importante descenso en la Tasa de Mortalidad Infantil, no s\u00f3lo en relaci\u00f3n a a\u00f1os anteriores sino tambi\u00e9n por primera vez, por debajo de la Provincia de Buenas Aires y de la Rep\u00fablica Argentina.<\/p>\n\n\n\n<p>Seg\u00fan el informe, en el 2017 la Tasa de Mortalidad se ubica en 6,8; mientras que la media nacional se ubica en el 9,3 y la provincia en 9,9. Ramallo pas\u00f3 en casi 10 a\u00f1os de una tasa de 15 en el a\u00f1o 2008, a 6,8 en 2017.<\/p>\n\n\n\n<p> La Tasa de Mortalidad Infantil (TMI) no s\u00f3lo refleja la magnitud de los problemas de salud directamente responsables de la muerte de los ni\u00f1os, como diarrea, infecciones respiratorias y malnutrici\u00f3n, junto con otras enfermedades infecciosas y enfermedades peri natales, sino que tambi\u00e9n refleja el nivel de salud de las madres, la pol\u00edtica de planificaci\u00f3n familiar, las condiciones de salud ambiental y, en general, el desarrollo socioecon\u00f3mico de una sociedad. <\/p>\n\n\n\n<p>Fuente: Ramallo Ciudad<\/p>\n","protected":false},"excerpt":{"rendered":"<p>Seg\u00fan un informe realizado por la Universidad Nacional de Rosario, basado en informes del DEIS (Direcci\u00f3n de Estad\u00edstica e Informaci\u00f3n de Salud), Ramallo ha tenido un importante descenso en la Tasa de Mortalidad Infantil, no s\u00f3lo en relaci\u00f3n a a\u00f1os anteriores sino tambi\u00e9n por primera vez, por debajo de la Provincia de Buenas Aires y [&hellip;]<\/p>\n","protected":false},"author":4,"featured_media":59788,"comment_status":"open","ping_status":"closed","sticky":false,"template":"","format":"standard","meta":{"om_disable_all_campaigns":false,"_jetpack_memberships_contains_paid_content":false,"footnotes":""},"categories":[621],"tags":[],"class_list":["post-59787","post","type-post","status-publish","format-standard","has-post-thumbnail","hentry","category-regionales"],"aioseo_notices":[],"gutentor_comment":0,"jetpack_featured_media_url":"https:\/\/eldiariodesanpedro.com.ar\/sitio\/wp-content\/uploads\/2019\/09\/bbx_1009794642_1_hospital.jpg","jetpack_shortlink":"https:\/\/wp.me\/p6RhLt-fyj","jetpack_sharing_enabled":true,"_links":{"self":[{"href":"https:\/\/eldiariodesanpedro.com.ar\/sitio\/wp-json\/wp\/v2\/posts\/59787","targetHints":{"allow":["GET"]}}],"collection":[{"href":"https:\/\/eldiariodesanpedro.com.ar\/sitio\/wp-json\/wp\/v2\/posts"}],"about":[{"href":"https:\/\/eldiariodesanpedro.com.ar\/sitio\/wp-json\/wp\/v2\/types\/post"}],"author":[{"embeddable":true,"href":"https:\/\/eldiariodesanpedro.com.ar\/sitio\/wp-json\/wp\/v2\/users\/4"}],"replies":[{"embeddable":true,"href":"https:\/\/eldiariodesanpedro.com.ar\/sitio\/wp-json\/wp\/v2\/comments?post=59787"}],"version-history":[{"count":1,"href":"https:\/\/eldiariodesanpedro.com.ar\/sitio\/wp-json\/wp\/v2\/posts\/59787\/revisions"}],"predecessor-version":[{"id":59789,"href":"https:\/\/eldiariodesanpedro.com.ar\/sitio\/wp-json\/wp\/v2\/posts\/59787\/revisions\/59789"}],"wp:featuredmedia":[{"embeddable":true,"href":"https:\/\/eldiariodesanpedro.com.ar\/sitio\/wp-json\/wp\/v2\/media\/59788"}],"wp:attachment":[{"href":"https:\/\/eldiariodesanpedro.com.ar\/sitio\/wp-json\/wp\/v2\/media?parent=59787"}],"wp:term":[{"taxonomy":"category","embeddable":true,"href":"https:\/\/eldiariodesanpedro.com.ar\/sitio\/wp-json\/wp\/v2\/categories?post=59787"},{"taxonomy":"post_tag","embeddable":true,"href":"https:\/\/eldiariodesanpedro.com.ar\/sitio\/wp-json\/wp\/v2\/tags?post=59787"}],"curies":[{"name":"wp","href":"https:\/\/api.w.org\/{rel}","templated":true}]}}