{"id":59785,"date":"2019-09-11T10:12:38","date_gmt":"2019-09-11T13:12:38","guid":{"rendered":"https:\/\/eldiariodesanpedro.com.ar\/sitio\/?p=59785"},"modified":"2019-09-11T10:12:43","modified_gmt":"2019-09-11T13:12:43","slug":"aprehendidos-por-captura-activa-y-tenencia-de-estupefacientes","status":"publish","type":"post","link":"https:\/\/eldiariodesanpedro.com.ar\/sitio\/aprehendidos-por-captura-activa-y-tenencia-de-estupefacientes\/","title":{"rendered":"Aprehendidos por captura activa y tenencia de estupefacientes"},"content":{"rendered":"<!-- VideographyWP Plugin Message: Automatic video embedding prevented by plugin options. -->\n\n<p>Tras distintos operativos que vienen realizando en nuestra ciudad, el personal de comisaria procedi\u00f3 a la aprehensi\u00f3n de cuatros sujetos quienes se encontraban en la v\u00eda publica con bagullos de marihuana, otro alcoholizado y con pedido de captura activa. <\/p>\n\n\n\n<p>Por la noche del martes los efectivos que se encontraban en recorrida por calle Nieto de Torres y Combate de Obligado descienden a interceptar a un masculino de 25 a\u00f1os de edad, quien luego de cursar sus datos se le secuestra entre sus ropas dos envoltorios de marihuana por un pesaje de 21 gramos.<\/p>\n\n\n\n<p>Tambi\u00e9n otro hecho similar fue en intersecci\u00f3n de calle Balcarse y Cruz Roja donde aprehenden a un menor de 15 con cigarrillos de marihuana.<\/p>\n\n\n\n<p>Ambos fueron alojados en la dependencia local por infracci\u00f3n a la Ley 23737.<\/p>\n\n\n\n<p>Ademas en G. Puyrredon y Las Provincias se aprehendi\u00f3 a un joven de 22 cuando luego de ser identificado por el sistema inform\u00e1tico policial se registro que pose\u00eda pedido de captura activa a solicitud del Juzgado de Garant\u00edas por el Fuero Penal Juvenil del Dpto. Judicial de San Nicolas, por un hecho reciente de robo calificado.<\/p>\n\n\n\n<p>Por ultimo en la localidad vecina de Gobernador Castro, personal del destacamento proceden a la aprehensi\u00f3n de un sujeto quien se encontraba alcoholizado y ocasionando disturbios en la v\u00eda publica.<\/p>\n\n\n\n<p>En todos los casos intervino la fiscalia en turno.<\/p>\n","protected":false},"excerpt":{"rendered":"<p>Tras distintos operativos que vienen realizando en nuestra ciudad, el personal de comisaria procedi\u00f3 a la aprehensi\u00f3n de cuatros sujetos quienes se encontraban en la v\u00eda publica con bagullos de marihuana, otro alcoholizado y con pedido de captura activa. Por la noche del martes los efectivos que se encontraban en recorrida por calle Nieto de [&hellip;]<\/p>\n","protected":false},"author":4,"featured_media":53199,"comment_status":"open","ping_status":"closed","sticky":false,"template":"","format":"standard","meta":{"om_disable_all_campaigns":false,"_jetpack_memberships_contains_paid_content":false,"footnotes":""},"categories":[2,103],"tags":[],"class_list":["post-59785","post","type-post","status-publish","format-standard","has-post-thumbnail","hentry","category-locales","category-policiales-locales"],"aioseo_notices":[],"gutentor_comment":0,"jetpack_featured_media_url":"https:\/\/eldiariodesanpedro.com.ar\/sitio\/wp-content\/uploads\/2019\/05\/aprehendido-1.jpg","jetpack_shortlink":"https:\/\/wp.me\/p6RhLt-fyh","jetpack_sharing_enabled":true,"_links":{"self":[{"href":"https:\/\/eldiariodesanpedro.com.ar\/sitio\/wp-json\/wp\/v2\/posts\/59785","targetHints":{"allow":["GET"]}}],"collection":[{"href":"https:\/\/eldiariodesanpedro.com.ar\/sitio\/wp-json\/wp\/v2\/posts"}],"about":[{"href":"https:\/\/eldiariodesanpedro.com.ar\/sitio\/wp-json\/wp\/v2\/types\/post"}],"author":[{"embeddable":true,"href":"https:\/\/eldiariodesanpedro.com.ar\/sitio\/wp-json\/wp\/v2\/users\/4"}],"replies":[{"embeddable":true,"href":"https:\/\/eldiariodesanpedro.com.ar\/sitio\/wp-json\/wp\/v2\/comments?post=59785"}],"version-history":[{"count":1,"href":"https:\/\/eldiariodesanpedro.com.ar\/sitio\/wp-json\/wp\/v2\/posts\/59785\/revisions"}],"predecessor-version":[{"id":59786,"href":"https:\/\/eldiariodesanpedro.com.ar\/sitio\/wp-json\/wp\/v2\/posts\/59785\/revisions\/59786"}],"wp:featuredmedia":[{"embeddable":true,"href":"https:\/\/eldiariodesanpedro.com.ar\/sitio\/wp-json\/wp\/v2\/media\/53199"}],"wp:attachment":[{"href":"https:\/\/eldiariodesanpedro.com.ar\/sitio\/wp-json\/wp\/v2\/media?parent=59785"}],"wp:term":[{"taxonomy":"category","embeddable":true,"href":"https:\/\/eldiariodesanpedro.com.ar\/sitio\/wp-json\/wp\/v2\/categories?post=59785"},{"taxonomy":"post_tag","embeddable":true,"href":"https:\/\/eldiariodesanpedro.com.ar\/sitio\/wp-json\/wp\/v2\/tags?post=59785"}],"curies":[{"name":"wp","href":"https:\/\/api.w.org\/{rel}","templated":true}]}}