{"id":59774,"date":"2019-09-11T09:33:06","date_gmt":"2019-09-11T12:33:06","guid":{"rendered":"https:\/\/eldiariodesanpedro.com.ar\/sitio\/?p=59774"},"modified":"2019-09-11T09:33:10","modified_gmt":"2019-09-11T12:33:10","slug":"oriana-fue-dada-de-alta-definitiva-y-fue-recibida-en-caravana","status":"publish","type":"post","link":"https:\/\/eldiariodesanpedro.com.ar\/sitio\/oriana-fue-dada-de-alta-definitiva-y-fue-recibida-en-caravana\/","title":{"rendered":"Oriana fue dada de alta definitiva y fue recibida en caravana"},"content":{"rendered":"<!-- VideographyWP Plugin Message: Automatic video embedding prevented by plugin options. -->\n\n<p>La ni\u00f1a llego a nuestra ciudad acompa\u00f1ada de su hermano y aqu\u00ed la esperaban su mam\u00e1, familiares y amigos quienes la acompa\u00f1aron en caravana con un m\u00f3vil de bomberos voluntarios hasta su casa. El pasado 20 de junio Oriana se someti\u00f3 a su segundo trasplante de coraz\u00f3n.<\/p>\n\n\n\n<figure class=\"wp-block-image\"><img decoding=\"async\" width=\"720\" height=\"960\" data-attachment-id=\"59776\" data-permalink=\"https:\/\/eldiariodesanpedro.com.ar\/sitio\/oriana-fue-dada-de-alta-definitiva-y-fue-recibida-en-caravana\/70614096_2466731100224363_3500899912520826880_n\/\" data-orig-file=\"https:\/\/eldiariodesanpedro.com.ar\/sitio\/wp-content\/uploads\/2019\/09\/70614096_2466731100224363_3500899912520826880_n.jpg\" data-orig-size=\"720,960\" data-comments-opened=\"1\" data-image-meta=\"{&quot;aperture&quot;:&quot;0&quot;,&quot;credit&quot;:&quot;&quot;,&quot;camera&quot;:&quot;&quot;,&quot;caption&quot;:&quot;&quot;,&quot;created_timestamp&quot;:&quot;0&quot;,&quot;copyright&quot;:&quot;&quot;,&quot;focal_length&quot;:&quot;0&quot;,&quot;iso&quot;:&quot;0&quot;,&quot;shutter_speed&quot;:&quot;0&quot;,&quot;title&quot;:&quot;&quot;,&quot;orientation&quot;:&quot;0&quot;}\" data-image-title=\"70614096_2466731100224363_3500899912520826880_n\" data-image-description=\"\" data-image-caption=\"\" data-large-file=\"https:\/\/eldiariodesanpedro.com.ar\/sitio\/wp-content\/uploads\/2019\/09\/70614096_2466731100224363_3500899912520826880_n.jpg\" data-src=\"https:\/\/eldiariodesanpedro.com.ar\/sitio\/wp-content\/uploads\/2019\/09\/70614096_2466731100224363_3500899912520826880_n.jpg\" alt=\"\" class=\"wp-image-59776 lazyload\" data-srcset=\"https:\/\/eldiariodesanpedro.com.ar\/sitio\/wp-content\/uploads\/2019\/09\/70614096_2466731100224363_3500899912520826880_n.jpg 720w, https:\/\/eldiariodesanpedro.com.ar\/sitio\/wp-content\/uploads\/2019\/09\/70614096_2466731100224363_3500899912520826880_n-225x300.jpg 225w\" data-sizes=\"(max-width: 720px) 100vw, 720px\" src=\"data:image\/svg+xml;base64,PHN2ZyB3aWR0aD0iMSIgaGVpZ2h0PSIxIiB4bWxucz0iaHR0cDovL3d3dy53My5vcmcvMjAwMC9zdmciPjwvc3ZnPg==\" style=\"--smush-placeholder-width: 720px; --smush-placeholder-aspect-ratio: 720\/960;\" \/><\/figure>\n\n\n\n<p>\u00abEstoy feliz, esperamos mucho este momento, Ori tiene muchas ganas de vivir y de estar con sus hermanitos\u00bb, expreso Mariana su mam\u00e1 quien tambi\u00e9n hizo menci\u00f3n que espera la respuesta de alguien que la ayude a acondicionar su casa para que la ni\u00f1a pueda vivir mejor.<\/p>\n\n\n\n<p>Este martes pasadas las 20 horas Oriana llego a San Pedro y fue recibida en caravana hasta su casa, despu\u00e9s de haber sido trasplantada del coraz\u00f3n el 20 de junio, desde el Hospital Garrahan le dieron el alta definitiva.<\/p>\n\n\n\n<p>Porque recibir un \u00f3rgano, para quienes est\u00e1n en lista de espera para ser trasplantados, representa ni m\u00e1s ni menos que la posibilidad de seguir viviendo, de mejorar su calidad de vida y su salud. Es una segunda oportunidad que les da la vida, motorizada por el acto altruista de una persona que eligi\u00f3 multiplicarse y no pensar su muerte como el final de todo, sino como el comienzo de algo nuevo para otros.<br><\/p>\n\n\n\n<p>La chiquita naci\u00f3 con un problema cong\u00e9nito, lo que derivo a su primer trasplante cuando tenia un a\u00f1ito de edad, a\u00f1o 2009.<\/p>\n\n\n\n<p>Desde que se le diagnostic\u00f3 fue sometida a muchos tratamientos, ademas de su recuperaci\u00f3n, pero este ultimo a\u00f1o volvi\u00f3 a descompensarse y la \u00fanica forma de sobrevivir era otro trasplante.<\/p>\n\n\n\n<p>Oriana se encontraba en Emergencia Nacional y este 19 de junio, su \u00e1ngel donante lleg\u00f3.<\/p>\n\n\n\n<p>La intervenci\u00f3n duro m\u00e1s de 4 horas, Ori entro al quir\u00f3fano antes de las 20 y finaliz\u00f3 a las 4 y 45 am. Los m\u00e9dicos tratantes informaron que la intervencion fue un exito y que reacciono muy bien a sus primeras horas de recuperacion.<\/p>\n\n\n\n<p>De esto hablamos cuando decimos \u00abDONACI\u00d3N\u00bb Desde la sanci\u00f3n de la ley 24.447 \u00abLey Justina\u00bb  hace casi un a\u00f1o, los procesos de donaci\u00f3n en el pa\u00eds se incrementaron un 60%. <\/p>\n","protected":false},"excerpt":{"rendered":"<p>La ni\u00f1a llego a nuestra ciudad acompa\u00f1ada de su hermano y aqu\u00ed la esperaban su mam\u00e1, familiares y amigos quienes la acompa\u00f1aron en caravana con un m\u00f3vil de bomberos voluntarios hasta su casa. El pasado 20 de junio Oriana se someti\u00f3 a su segundo trasplante de coraz\u00f3n. \u00abEstoy feliz, esperamos mucho este momento, Ori tiene [&hellip;]<\/p>\n","protected":false},"author":4,"featured_media":59775,"comment_status":"open","ping_status":"closed","sticky":false,"template":"","format":"standard","meta":{"om_disable_all_campaigns":false,"_jetpack_memberships_contains_paid_content":false,"footnotes":""},"categories":[50,101,2],"tags":[],"class_list":["post-59774","post","type-post","status-publish","format-standard","has-post-thumbnail","hentry","category-destacadas","category-interes-general-locales","category-locales"],"aioseo_notices":[],"gutentor_comment":0,"jetpack_featured_media_url":"https:\/\/eldiariodesanpedro.com.ar\/sitio\/wp-content\/uploads\/2019\/09\/70604413_2549968051728136_7095603173506678784_n.jpg","jetpack_shortlink":"https:\/\/wp.me\/p6RhLt-fy6","jetpack_sharing_enabled":true,"_links":{"self":[{"href":"https:\/\/eldiariodesanpedro.com.ar\/sitio\/wp-json\/wp\/v2\/posts\/59774","targetHints":{"allow":["GET"]}}],"collection":[{"href":"https:\/\/eldiariodesanpedro.com.ar\/sitio\/wp-json\/wp\/v2\/posts"}],"about":[{"href":"https:\/\/eldiariodesanpedro.com.ar\/sitio\/wp-json\/wp\/v2\/types\/post"}],"author":[{"embeddable":true,"href":"https:\/\/eldiariodesanpedro.com.ar\/sitio\/wp-json\/wp\/v2\/users\/4"}],"replies":[{"embeddable":true,"href":"https:\/\/eldiariodesanpedro.com.ar\/sitio\/wp-json\/wp\/v2\/comments?post=59774"}],"version-history":[{"count":1,"href":"https:\/\/eldiariodesanpedro.com.ar\/sitio\/wp-json\/wp\/v2\/posts\/59774\/revisions"}],"predecessor-version":[{"id":59777,"href":"https:\/\/eldiariodesanpedro.com.ar\/sitio\/wp-json\/wp\/v2\/posts\/59774\/revisions\/59777"}],"wp:featuredmedia":[{"embeddable":true,"href":"https:\/\/eldiariodesanpedro.com.ar\/sitio\/wp-json\/wp\/v2\/media\/59775"}],"wp:attachment":[{"href":"https:\/\/eldiariodesanpedro.com.ar\/sitio\/wp-json\/wp\/v2\/media?parent=59774"}],"wp:term":[{"taxonomy":"category","embeddable":true,"href":"https:\/\/eldiariodesanpedro.com.ar\/sitio\/wp-json\/wp\/v2\/categories?post=59774"},{"taxonomy":"post_tag","embeddable":true,"href":"https:\/\/eldiariodesanpedro.com.ar\/sitio\/wp-json\/wp\/v2\/tags?post=59774"}],"curies":[{"name":"wp","href":"https:\/\/api.w.org\/{rel}","templated":true}]}}