{"id":59756,"date":"2019-09-10T18:24:13","date_gmt":"2019-09-10T21:24:13","guid":{"rendered":"https:\/\/eldiariodesanpedro.com.ar\/sitio\/?p=59756"},"modified":"2019-09-10T18:24:31","modified_gmt":"2019-09-10T21:24:31","slug":"aniversario-museo-historico-regional-fray-jose-maria-bottaro","status":"publish","type":"post","link":"https:\/\/eldiariodesanpedro.com.ar\/sitio\/aniversario-museo-historico-regional-fray-jose-maria-bottaro\/","title":{"rendered":"Aniversario Museo Hist\u00f3rico Regional \u201cFray Jos\u00e9 Mar\u00eda Bottaro\u201d"},"content":{"rendered":"<!-- VideographyWP Plugin Message: Automatic video embedding prevented by plugin options. -->\n\n<p>De un tiempo a esta parte los museos han sido sujetos de innovaci\u00f3n sobre la base de la tradici\u00f3n. Han sido repensados en sus objetivos y estrategias ubic\u00e1ndolos nuevamente en el centro de la vida socio-cultural de las comunidades donde est\u00e1n insertos. <\/p>\n\n\n\n<p>Comenzaron a transitar un cambio de paradigma fundacional que los exhort\u00f3 a desaprender muchos aspectos de la gesti\u00f3n tradicional y a buscar herramientas innovadoras para volverse espacios competitivos en una sociedad de consumo, muchas veces ajena al valor que reviste el patrimonio tangible e intangible que constituyen su urbanismo, ruralidad, historia, arte y cultura.<\/p>\n\n\n\n<p>En San Pedro, la tarea de esa adecuaci\u00f3n necesaria en la concepci\u00f3n y uso de los espacios museogr\u00e1ficos  ya est\u00e1 en marcha, y los esfuerzos se comparten entre la gesti\u00f3n p\u00fablica y la incansable labor de vecinos, aficionados y profesionales comprometidos. <br>\nDesde el Museo Hist\u00f3rico Regional \u201cFray Jos\u00e9 Mar\u00eda Bottaro\u201d celebramos cada d\u00eda los or\u00edgenes y las identidades de nuestros pobladores, esforz\u00e1ndonos por constituirnos como un espacio de pertenencia para todos los sampedrinos. <\/p>\n\n\n\n<p>Este 10 de septiembre cumplimos 41 a\u00f1os de voluntariado al servicio de la comunidad y queremos celebrarlo con el recuerdo y reconocimiento para los que ya no est\u00e1n, para los pioneros de la investigaci\u00f3n y difusi\u00f3n de nuestra historia, y para los que en la actualidad se comprometen a diario con el sostenimiento de esta casa ciudadana.<\/p>\n","protected":false},"excerpt":{"rendered":"<p>De un tiempo a esta parte los museos han sido sujetos de innovaci\u00f3n sobre la base de la tradici\u00f3n. Han sido repensados en sus objetivos y estrategias ubic\u00e1ndolos nuevamente en el centro de la vida socio-cultural de las comunidades donde est\u00e1n insertos. Comenzaron a transitar un cambio de paradigma fundacional que los exhort\u00f3 a desaprender [&hellip;]<\/p>\n","protected":false},"author":4,"featured_media":59757,"comment_status":"open","ping_status":"closed","sticky":false,"template":"","format":"standard","meta":{"om_disable_all_campaigns":false,"_jetpack_memberships_contains_paid_content":false,"footnotes":""},"categories":[101,2],"tags":[],"class_list":["post-59756","post","type-post","status-publish","format-standard","has-post-thumbnail","hentry","category-interes-general-locales","category-locales"],"aioseo_notices":[],"gutentor_comment":0,"jetpack_featured_media_url":"https:\/\/eldiariodesanpedro.com.ar\/sitio\/wp-content\/uploads\/2019\/09\/WhatsApp-Image-2019-09-10-at-12.24.49-PM.jpeg","jetpack_shortlink":"https:\/\/wp.me\/p6RhLt-fxO","jetpack_sharing_enabled":true,"_links":{"self":[{"href":"https:\/\/eldiariodesanpedro.com.ar\/sitio\/wp-json\/wp\/v2\/posts\/59756","targetHints":{"allow":["GET"]}}],"collection":[{"href":"https:\/\/eldiariodesanpedro.com.ar\/sitio\/wp-json\/wp\/v2\/posts"}],"about":[{"href":"https:\/\/eldiariodesanpedro.com.ar\/sitio\/wp-json\/wp\/v2\/types\/post"}],"author":[{"embeddable":true,"href":"https:\/\/eldiariodesanpedro.com.ar\/sitio\/wp-json\/wp\/v2\/users\/4"}],"replies":[{"embeddable":true,"href":"https:\/\/eldiariodesanpedro.com.ar\/sitio\/wp-json\/wp\/v2\/comments?post=59756"}],"version-history":[{"count":2,"href":"https:\/\/eldiariodesanpedro.com.ar\/sitio\/wp-json\/wp\/v2\/posts\/59756\/revisions"}],"predecessor-version":[{"id":59759,"href":"https:\/\/eldiariodesanpedro.com.ar\/sitio\/wp-json\/wp\/v2\/posts\/59756\/revisions\/59759"}],"wp:featuredmedia":[{"embeddable":true,"href":"https:\/\/eldiariodesanpedro.com.ar\/sitio\/wp-json\/wp\/v2\/media\/59757"}],"wp:attachment":[{"href":"https:\/\/eldiariodesanpedro.com.ar\/sitio\/wp-json\/wp\/v2\/media?parent=59756"}],"wp:term":[{"taxonomy":"category","embeddable":true,"href":"https:\/\/eldiariodesanpedro.com.ar\/sitio\/wp-json\/wp\/v2\/categories?post=59756"},{"taxonomy":"post_tag","embeddable":true,"href":"https:\/\/eldiariodesanpedro.com.ar\/sitio\/wp-json\/wp\/v2\/tags?post=59756"}],"curies":[{"name":"wp","href":"https:\/\/api.w.org\/{rel}","templated":true}]}}