{"id":59731,"date":"2019-09-10T10:08:09","date_gmt":"2019-09-10T13:08:09","guid":{"rendered":"https:\/\/eldiariodesanpedro.com.ar\/sitio\/?p=59731"},"modified":"2019-09-10T10:08:27","modified_gmt":"2019-09-10T13:08:27","slug":"san-nicolas-detuvieron-a-dos-personas-por-el-homicidio-del-indigente-sebastian-alen","status":"publish","type":"post","link":"https:\/\/eldiariodesanpedro.com.ar\/sitio\/san-nicolas-detuvieron-a-dos-personas-por-el-homicidio-del-indigente-sebastian-alen\/","title":{"rendered":"SAN NICOL\u00c1S | Detuvieron a dos personas por el homicidio del indigente Sebasti\u00e1n Alen"},"content":{"rendered":"<!-- VideographyWP Plugin Message: Automatic video embedding prevented by plugin options. -->\n\n<p>\n\nAvanza la investigaci\u00f3n en torno al homicidio de Sebasti\u00e1n Alen, el joven de 31 a\u00f1os asesinado este domingo en el Monte La Estaci\u00f3n. Efectivos de la DDI San Nicol\u00e1s realizaron un allanamiento en calle San MArt\u00edn al 200, procediendo a la detenci\u00f3n de dos personas que estar\u00edan involucradas en el hecho.<\/p>\n\n\n\n<p>Se trata de un hombre de 53 a\u00f1os, apodado \u00abEl Viejo\u00bb quien ten\u00eda manchas hem\u00e1ticas en sus ropas, y otro joven de 30. Ambos ten\u00edan una relaci\u00f3n cercana con el fallecido. Trascendi\u00f3 que no se descarta una tercera posible detenci\u00f3n.<\/p>\n\n\n\n<p>Fuentes policiales de la DDI local se\u00f1alaron que se logr\u00f3 determinar la secuencia de los hechos gracias al an\u00e1lisis de las c\u00e1maras de seguridad y testimoniales recabados.<\/p>\n\n\n\n<p>De acuerdo a dicha informaci\u00f3n, el s\u00e1bado por la noche\/madrugada del d\u00eda domingo, estos sujetos se encontraban en el monte junto a la v\u00edctima, comenzando uno de ellos a molestar al fallecido, para luego entre todos comenzar una reyerta. La victima recibi\u00f3 varios golpes de pu\u00f1o, fue agredido en la cabeza con una piedra y le dispararon con un arma de fuego en el cr\u00e1neo (ingresando por el parietal izquierdo superior, quedando alojado all\u00ed).<\/p>\n\n\n\n<p>Luego, los autores arrastraron a la victima unos 5 metros aproximadamente para ocultar el cuerpo, posicion\u00e1ndolo de c\u00fabito ventral sujet\u00e1ndolo con una soga desde el cuello pasando por la espalda finalizando en su pie derecho y cubri\u00e9ndolo con piedras en todo el cuerpo.<\/p>\n\n\n\n<p>Por otro lado, la autopsia revel\u00f3 que Sebasti\u00e1n Alen falleci\u00f3 a ra\u00edz de una bala que impact\u00f3 en su cr\u00e1neo. Previamente hab\u00eda sido atado y golpeado violentamente.<\/p>\n\n\n\n<p>Adem\u00e1s, se constat\u00f3 que pose\u00eda en su cuerpo viejas lesiones graves. Encontraron alojadas en su cuello y pecho dos balas encapsuladas de una pistola calibre 22; as\u00ed como tambi\u00e9n una pu\u00f1alada en la zona de la axila de una reyerta anterior. <\/p>\n\n\n\n<p>Fuente: Diario El Informante<\/p>\n","protected":false},"excerpt":{"rendered":"<p>Avanza la investigaci\u00f3n en torno al homicidio de Sebasti\u00e1n Alen, el joven de 31 a\u00f1os asesinado este domingo en el Monte La Estaci\u00f3n. Efectivos de la DDI San Nicol\u00e1s realizaron un allanamiento en calle San MArt\u00edn al 200, procediendo a la detenci\u00f3n de dos personas que estar\u00edan involucradas en el hecho. Se trata de un [&hellip;]<\/p>\n","protected":false},"author":4,"featured_media":59732,"comment_status":"open","ping_status":"closed","sticky":false,"template":"","format":"standard","meta":{"om_disable_all_campaigns":false,"_jetpack_memberships_contains_paid_content":false,"footnotes":""},"categories":[621],"tags":[],"class_list":["post-59731","post","type-post","status-publish","format-standard","has-post-thumbnail","hentry","category-regionales"],"aioseo_notices":[],"gutentor_comment":0,"jetpack_featured_media_url":"https:\/\/eldiariodesanpedro.com.ar\/sitio\/wp-content\/uploads\/2019\/09\/conmarca22015.jpg","jetpack_shortlink":"https:\/\/wp.me\/p6RhLt-fxp","jetpack_sharing_enabled":true,"_links":{"self":[{"href":"https:\/\/eldiariodesanpedro.com.ar\/sitio\/wp-json\/wp\/v2\/posts\/59731","targetHints":{"allow":["GET"]}}],"collection":[{"href":"https:\/\/eldiariodesanpedro.com.ar\/sitio\/wp-json\/wp\/v2\/posts"}],"about":[{"href":"https:\/\/eldiariodesanpedro.com.ar\/sitio\/wp-json\/wp\/v2\/types\/post"}],"author":[{"embeddable":true,"href":"https:\/\/eldiariodesanpedro.com.ar\/sitio\/wp-json\/wp\/v2\/users\/4"}],"replies":[{"embeddable":true,"href":"https:\/\/eldiariodesanpedro.com.ar\/sitio\/wp-json\/wp\/v2\/comments?post=59731"}],"version-history":[{"count":2,"href":"https:\/\/eldiariodesanpedro.com.ar\/sitio\/wp-json\/wp\/v2\/posts\/59731\/revisions"}],"predecessor-version":[{"id":59734,"href":"https:\/\/eldiariodesanpedro.com.ar\/sitio\/wp-json\/wp\/v2\/posts\/59731\/revisions\/59734"}],"wp:featuredmedia":[{"embeddable":true,"href":"https:\/\/eldiariodesanpedro.com.ar\/sitio\/wp-json\/wp\/v2\/media\/59732"}],"wp:attachment":[{"href":"https:\/\/eldiariodesanpedro.com.ar\/sitio\/wp-json\/wp\/v2\/media?parent=59731"}],"wp:term":[{"taxonomy":"category","embeddable":true,"href":"https:\/\/eldiariodesanpedro.com.ar\/sitio\/wp-json\/wp\/v2\/categories?post=59731"},{"taxonomy":"post_tag","embeddable":true,"href":"https:\/\/eldiariodesanpedro.com.ar\/sitio\/wp-json\/wp\/v2\/tags?post=59731"}],"curies":[{"name":"wp","href":"https:\/\/api.w.org\/{rel}","templated":true}]}}