{"id":59722,"date":"2019-09-10T09:59:05","date_gmt":"2019-09-10T12:59:05","guid":{"rendered":"https:\/\/eldiariodesanpedro.com.ar\/sitio\/?p=59722"},"modified":"2019-09-10T09:59:09","modified_gmt":"2019-09-10T12:59:09","slug":"el-banco-provincia-lanzo-una-promocion-especial-por-el-dia-del-maestro","status":"publish","type":"post","link":"https:\/\/eldiariodesanpedro.com.ar\/sitio\/el-banco-provincia-lanzo-una-promocion-especial-por-el-dia-del-maestro\/","title":{"rendered":"El Banco Provincia lanz\u00f3 una promoci\u00f3n especial por el D\u00eda del Maestro"},"content":{"rendered":"<!-- VideographyWP Plugin Message: Automatic video embedding prevented by plugin options. -->\n\n<p>El Banco Provincia lanz\u00f3 una promoci\u00f3n especial para este mi\u00e9rcoles 11 de septiembre, exclusiva para los docentes, en el marco de la celebraci\u00f3n del D\u00eda del Maestro. El beneficio implica un descuento del 50 por ciento en las compras del rubro indumentaria y un ahorro del 30 por ciento para desayunar.<\/p>\n\n\n\n<p>El descuento del 50 por ciento en indumentaria es para las compras realizadas \u00fanicamente por los docentes el mi\u00e9rcoles 11 de septiembre con tarjetas de d\u00e9bito en un solo pago y hasta tres cuotas sin inter\u00e9s para las tarjetas de cr\u00e9dito. El tope de reintegro de 2.500 pesos.<\/p>\n\n\n\n<p>La promoci\u00f3n estar\u00e1 disponible en locales comerciales adheridos en toda la Provincia y en la Ciudad de Buenos Aires. \u201cSe trata de un beneficio excepcional para premiar a los que d\u00eda a d\u00eda dan lo mejor de s\u00ed para educar a las futuras generaciones\u201d, asegur\u00f3 Juan Curutchet, presidente de la entidad.<\/p>\n\n\n\n<p>El otro beneficio de Banco Provincia es para los consumos que se realicen el mismo 11 de septiembre de 8 a 12 en restaurantes, bares y locales de fast food. El ahorro para desayunar es del 30 por ciento s\u00f3lo con d\u00e9bito y tiene un tope de 300 pesos por usuario.<\/p>\n\n\n\n<p>Los locales adheridos se pueden ver en la web de Banco Provincia:&nbsp;<a href=\"http:\/\/www.bancoprovincia.com.ar\/\">www.bancoprovincia.com.ar<\/a><\/p>\n","protected":false},"excerpt":{"rendered":"<p>El Banco Provincia lanz\u00f3 una promoci\u00f3n especial para este mi\u00e9rcoles 11 de septiembre, exclusiva para los docentes, en el marco de la celebraci\u00f3n del D\u00eda del Maestro. El beneficio implica un descuento del 50 por ciento en las compras del rubro indumentaria y un ahorro del 30 por ciento para desayunar. El descuento del 50 [&hellip;]<\/p>\n","protected":false},"author":4,"featured_media":59723,"comment_status":"open","ping_status":"closed","sticky":false,"template":"","format":"standard","meta":{"om_disable_all_campaigns":false,"_jetpack_memberships_contains_paid_content":false,"footnotes":""},"categories":[621],"tags":[],"class_list":["post-59722","post","type-post","status-publish","format-standard","has-post-thumbnail","hentry","category-regionales"],"aioseo_notices":[],"gutentor_comment":0,"jetpack_featured_media_url":"https:\/\/eldiariodesanpedro.com.ar\/sitio\/wp-content\/uploads\/2019\/09\/20190909204942_.bapro_.jpg","jetpack_shortlink":"https:\/\/wp.me\/p6RhLt-fxg","jetpack_sharing_enabled":true,"_links":{"self":[{"href":"https:\/\/eldiariodesanpedro.com.ar\/sitio\/wp-json\/wp\/v2\/posts\/59722","targetHints":{"allow":["GET"]}}],"collection":[{"href":"https:\/\/eldiariodesanpedro.com.ar\/sitio\/wp-json\/wp\/v2\/posts"}],"about":[{"href":"https:\/\/eldiariodesanpedro.com.ar\/sitio\/wp-json\/wp\/v2\/types\/post"}],"author":[{"embeddable":true,"href":"https:\/\/eldiariodesanpedro.com.ar\/sitio\/wp-json\/wp\/v2\/users\/4"}],"replies":[{"embeddable":true,"href":"https:\/\/eldiariodesanpedro.com.ar\/sitio\/wp-json\/wp\/v2\/comments?post=59722"}],"version-history":[{"count":1,"href":"https:\/\/eldiariodesanpedro.com.ar\/sitio\/wp-json\/wp\/v2\/posts\/59722\/revisions"}],"predecessor-version":[{"id":59724,"href":"https:\/\/eldiariodesanpedro.com.ar\/sitio\/wp-json\/wp\/v2\/posts\/59722\/revisions\/59724"}],"wp:featuredmedia":[{"embeddable":true,"href":"https:\/\/eldiariodesanpedro.com.ar\/sitio\/wp-json\/wp\/v2\/media\/59723"}],"wp:attachment":[{"href":"https:\/\/eldiariodesanpedro.com.ar\/sitio\/wp-json\/wp\/v2\/media?parent=59722"}],"wp:term":[{"taxonomy":"category","embeddable":true,"href":"https:\/\/eldiariodesanpedro.com.ar\/sitio\/wp-json\/wp\/v2\/categories?post=59722"},{"taxonomy":"post_tag","embeddable":true,"href":"https:\/\/eldiariodesanpedro.com.ar\/sitio\/wp-json\/wp\/v2\/tags?post=59722"}],"curies":[{"name":"wp","href":"https:\/\/api.w.org\/{rel}","templated":true}]}}