{"id":59719,"date":"2019-09-10T09:55:53","date_gmt":"2019-09-10T12:55:53","guid":{"rendered":"https:\/\/eldiariodesanpedro.com.ar\/sitio\/?p=59719"},"modified":"2019-09-10T09:55:57","modified_gmt":"2019-09-10T12:55:57","slug":"campana-el-intendente-anuncio-importantes-medidas-de-acompanamiento-social","status":"publish","type":"post","link":"https:\/\/eldiariodesanpedro.com.ar\/sitio\/campana-el-intendente-anuncio-importantes-medidas-de-acompanamiento-social\/","title":{"rendered":"CAMPANA | El Intendente anunci\u00f3 importantes medidas de acompa\u00f1amiento social"},"content":{"rendered":"<!-- VideographyWP Plugin Message: Automatic video embedding prevented by plugin options. -->\n\n<p> \u00abNuestro compromiso es cuidar a cada vecino de la ciudad, a los que est\u00e1n preocupados por su trabajo, a los que les cuesta y a los que m\u00e1s necesitan de la ayuda social del Estado\u00bb, se\u00f1al\u00f3 Abella al presentar los distintos programas.<\/p>\n\n\n\n<p>\n\nEl intendente Sebasti\u00e1n Abella present\u00f3 hoy distintas medidas de acompa\u00f1amiento social destinadas a los vecinos y que abarcan distintos aspectos como el fomento al emprendedorismo de mujeres y j\u00f3venes y programas de capacitaci\u00f3n laboral, entre otros.<\/p>\n\n\n\n<p>\u00abNuestro compromiso es cuidar a cada vecino de la ciudad, a los que est\u00e1n preocupados por su trabajo, a los que les cuesta y a los que m\u00e1s necesitan de la ayuda social del Estado\u00bb, remarc\u00f3 Abella al anunciar los nuevos programas y el fortalecimiento de los existentes.<\/p>\n\n\n\n<p>\u00abEstuvimos presentes desde el principio ampliando el alcance y las partidas de todos los programas sociales que ya exist\u00edan y creando nuevos programas\u00bb, remarc\u00f3 el jefe comunal y en este sentido puso como ejemplo la entrega de tarjetas de d\u00e9bito para la compra de alimentos para 750 beneficiarios del programa \u00abNutriendo Redes\u00bb, que pasaron de $750 a 1.000 pesos.<\/p>\n\n\n\n<p>Acompa\u00f1ado por secretarios del gabinete y concejales, el Intendente detall\u00f3 los nuevos programas de empleo, capacitaci\u00f3n y apoyo a los emprendedores \u00abpara redoblar este compromiso, porque adem\u00e1s de hacer las obras que no se hicieron en d\u00e9cadas, tambi\u00e9n queremos estar cerca de cada familia\u00bb.<\/p>\n\n\n\n<p>Una de las iniciativas anunciadas es \u00abImpulso laboral\u00bb, un programa de capacitaci\u00f3n para el empleo remunerado. \u00abVamos a capacitar vecinos en oficios como corte y confecci\u00f3n, cocina y pasteler\u00eda b\u00e1sica, jardiner\u00eda, maestranza y mozo y camarera\u00bb, detall\u00f3.<\/p>\n\n\n\n<p>Este martes empezar\u00e1 la inscripci\u00f3n en el CIC del barrio Lubo de 9 a 11 y luego continuar\u00e1 por La Josefa y San Cayetano.<\/p>\n\n\n\n<p>Por otro lado, se entregar\u00e1n herramientas a 100 mujeres emprendedoras que necesitan potenciar su proyecto e ingresar al mercado laboral y tambi\u00e9n se acompa\u00f1ar\u00e1 econ\u00f3micamente 10 proyectos de j\u00f3venes emprendedores.<\/p>\n\n\n\n<p>A esto se le sumar\u00e1 el programa \u00abFortaleciendo mi Barrio\u00bb, para asistir a personas con alto grado de vulnerabilidad que van a realizar tareas de mejoras en su comunidad con eje en la promoci\u00f3n de la salud, el cuidado del medio ambiente y la detecci\u00f3n de l\u00edderes deportivos y l\u00edderes art\u00edsticos que desarrollen proyectos para su barrio.<br>En otro orden y junto con ANSES y el Enacom, Abella anticip\u00f3 que \u00abentregaremos 4.000 tablets para que nuestros adultos mayores puedan acceder al mundo digital y est\u00e9n m\u00e1s conectados con sus familias\u00bb.<\/p>\n\n\n\n<p>HABILITACIONES Y TASAS<br>Y, para acompa\u00f1ar a los comerciantes locales, se prorrogar\u00e1n el vencimiento de las habilitaciones comerciales hasta fin de a\u00f1o.<br>\u00abTambi\u00e9n vamos a eximir del pago de la tasa de seguridad e higiene a todos los beneficiarios de la monotasa social y a los contribuyentes que facturan hasta 500 mil pesos mensuales\u00bb, a\u00f1adi\u00f3 el Intendente.<br>\u00abEntendemos que es un momento para estar m\u00e1s cerca de los vecinos y estas medidas van en esa l\u00ednea\u00bb, concluy\u00f3. <\/p>\n","protected":false},"excerpt":{"rendered":"<p>\u00abNuestro compromiso es cuidar a cada vecino de la ciudad, a los que est\u00e1n preocupados por su trabajo, a los que les cuesta y a los que m\u00e1s necesitan de la ayuda social del Estado\u00bb, se\u00f1al\u00f3 Abella al presentar los distintos programas. El intendente Sebasti\u00e1n Abella present\u00f3 hoy distintas medidas de acompa\u00f1amiento social destinadas a [&hellip;]<\/p>\n","protected":false},"author":4,"featured_media":59720,"comment_status":"open","ping_status":"closed","sticky":false,"template":"","format":"standard","meta":{"om_disable_all_campaigns":false,"_jetpack_memberships_contains_paid_content":false,"footnotes":""},"categories":[621],"tags":[],"class_list":["post-59719","post","type-post","status-publish","format-standard","has-post-thumbnail","hentry","category-regionales"],"aioseo_notices":[],"gutentor_comment":0,"jetpack_featured_media_url":"https:\/\/eldiariodesanpedro.com.ar\/sitio\/wp-content\/uploads\/2019\/09\/20190909053752.jpg","jetpack_shortlink":"https:\/\/wp.me\/p6RhLt-fxd","jetpack_sharing_enabled":true,"_links":{"self":[{"href":"https:\/\/eldiariodesanpedro.com.ar\/sitio\/wp-json\/wp\/v2\/posts\/59719","targetHints":{"allow":["GET"]}}],"collection":[{"href":"https:\/\/eldiariodesanpedro.com.ar\/sitio\/wp-json\/wp\/v2\/posts"}],"about":[{"href":"https:\/\/eldiariodesanpedro.com.ar\/sitio\/wp-json\/wp\/v2\/types\/post"}],"author":[{"embeddable":true,"href":"https:\/\/eldiariodesanpedro.com.ar\/sitio\/wp-json\/wp\/v2\/users\/4"}],"replies":[{"embeddable":true,"href":"https:\/\/eldiariodesanpedro.com.ar\/sitio\/wp-json\/wp\/v2\/comments?post=59719"}],"version-history":[{"count":1,"href":"https:\/\/eldiariodesanpedro.com.ar\/sitio\/wp-json\/wp\/v2\/posts\/59719\/revisions"}],"predecessor-version":[{"id":59721,"href":"https:\/\/eldiariodesanpedro.com.ar\/sitio\/wp-json\/wp\/v2\/posts\/59719\/revisions\/59721"}],"wp:featuredmedia":[{"embeddable":true,"href":"https:\/\/eldiariodesanpedro.com.ar\/sitio\/wp-json\/wp\/v2\/media\/59720"}],"wp:attachment":[{"href":"https:\/\/eldiariodesanpedro.com.ar\/sitio\/wp-json\/wp\/v2\/media?parent=59719"}],"wp:term":[{"taxonomy":"category","embeddable":true,"href":"https:\/\/eldiariodesanpedro.com.ar\/sitio\/wp-json\/wp\/v2\/categories?post=59719"},{"taxonomy":"post_tag","embeddable":true,"href":"https:\/\/eldiariodesanpedro.com.ar\/sitio\/wp-json\/wp\/v2\/tags?post=59719"}],"curies":[{"name":"wp","href":"https:\/\/api.w.org\/{rel}","templated":true}]}}