{"id":59715,"date":"2019-09-10T09:53:05","date_gmt":"2019-09-10T12:53:05","guid":{"rendered":"https:\/\/eldiariodesanpedro.com.ar\/sitio\/?p=59715"},"modified":"2019-09-10T09:53:10","modified_gmt":"2019-09-10T12:53:10","slug":"baradero-diversidad-y-progreso-la-fiesta-de-la-primavera-tendra-por-primera-vez-una-postulante-trans-sobre-el-escenario","status":"publish","type":"post","link":"https:\/\/eldiariodesanpedro.com.ar\/sitio\/baradero-diversidad-y-progreso-la-fiesta-de-la-primavera-tendra-por-primera-vez-una-postulante-trans-sobre-el-escenario\/","title":{"rendered":"BARADERO | Diversidad y Progreso: La Fiesta de la Primavera tendr\u00e1, por primera vez, una postulante trans sobre el escenario"},"content":{"rendered":"<!-- VideographyWP Plugin Message: Automatic video embedding prevented by plugin options. -->\n\n<p>En un cambio de \u00e9poca y Cultural que atraviesa a todos por igual, la edici\u00f3n 2019 de la Fiesta de la Primavera de nuestra ciudad, en el contexto de la Elecci\u00f3n de la Reina de Baradero, ser\u00e1 la primera vez que tenga una postulante trans, la cual estar\u00e1 representando a la ONG \u2018Baradero Diversidad\u2019, ella es Francesca Monje.<\/p>\n\n\n\n<p>As\u00ed lo anunciaba la propia entidad en redes sociales:<\/p>\n\n\n\n<figure class=\"wp-block-image\"><img decoding=\"async\" width=\"488\" height=\"202\" data-attachment-id=\"59716\" data-permalink=\"https:\/\/eldiariodesanpedro.com.ar\/sitio\/baradero-diversidad-y-progreso-la-fiesta-de-la-primavera-tendra-por-primera-vez-una-postulante-trans-sobre-el-escenario\/sin-titulo-3-4\/\" data-orig-file=\"https:\/\/eldiariodesanpedro.com.ar\/sitio\/wp-content\/uploads\/2019\/09\/Sin-t\u00edtulo-3.jpg\" data-orig-size=\"488,202\" data-comments-opened=\"1\" data-image-meta=\"{&quot;aperture&quot;:&quot;0&quot;,&quot;credit&quot;:&quot;&quot;,&quot;camera&quot;:&quot;&quot;,&quot;caption&quot;:&quot;&quot;,&quot;created_timestamp&quot;:&quot;0&quot;,&quot;copyright&quot;:&quot;&quot;,&quot;focal_length&quot;:&quot;0&quot;,&quot;iso&quot;:&quot;0&quot;,&quot;shutter_speed&quot;:&quot;0&quot;,&quot;title&quot;:&quot;&quot;,&quot;orientation&quot;:&quot;0&quot;}\" data-image-title=\"Sin-t\u00edtulo-3\" data-image-description=\"\" data-image-caption=\"\" data-large-file=\"https:\/\/eldiariodesanpedro.com.ar\/sitio\/wp-content\/uploads\/2019\/09\/Sin-t\u00edtulo-3.jpg\" data-src=\"https:\/\/eldiariodesanpedro.com.ar\/sitio\/wp-content\/uploads\/2019\/09\/Sin-t\u00edtulo-3.jpg\" alt=\"\" class=\"wp-image-59716 lazyload\" data-srcset=\"https:\/\/eldiariodesanpedro.com.ar\/sitio\/wp-content\/uploads\/2019\/09\/Sin-t\u00edtulo-3.jpg 488w, https:\/\/eldiariodesanpedro.com.ar\/sitio\/wp-content\/uploads\/2019\/09\/Sin-t\u00edtulo-3-300x124.jpg 300w\" data-sizes=\"(max-width: 488px) 100vw, 488px\" src=\"data:image\/svg+xml;base64,PHN2ZyB3aWR0aD0iMSIgaGVpZ2h0PSIxIiB4bWxucz0iaHR0cDovL3d3dy53My5vcmcvMjAwMC9zdmciPjwvc3ZnPg==\" style=\"--smush-placeholder-width: 488px; --smush-placeholder-aspect-ratio: 488\/202;\" \/><\/figure>\n","protected":false},"excerpt":{"rendered":"<p>En un cambio de \u00e9poca y Cultural que atraviesa a todos por igual, la edici\u00f3n 2019 de la Fiesta de la Primavera de nuestra ciudad, en el contexto de la Elecci\u00f3n de la Reina de Baradero, ser\u00e1 la primera vez que tenga una postulante trans, la cual estar\u00e1 representando a la ONG \u2018Baradero Diversidad\u2019, ella [&hellip;]<\/p>\n","protected":false},"author":4,"featured_media":59717,"comment_status":"open","ping_status":"closed","sticky":false,"template":"","format":"standard","meta":{"om_disable_all_campaigns":false,"_jetpack_memberships_contains_paid_content":false,"footnotes":""},"categories":[621],"tags":[],"class_list":["post-59715","post","type-post","status-publish","format-standard","has-post-thumbnail","hentry","category-regionales"],"aioseo_notices":[],"gutentor_comment":0,"jetpack_featured_media_url":"https:\/\/eldiariodesanpedro.com.ar\/sitio\/wp-content\/uploads\/2019\/09\/70416129_930851780632494_8275124527269150720_n.jpg","jetpack_shortlink":"https:\/\/wp.me\/p6RhLt-fx9","jetpack_sharing_enabled":true,"_links":{"self":[{"href":"https:\/\/eldiariodesanpedro.com.ar\/sitio\/wp-json\/wp\/v2\/posts\/59715","targetHints":{"allow":["GET"]}}],"collection":[{"href":"https:\/\/eldiariodesanpedro.com.ar\/sitio\/wp-json\/wp\/v2\/posts"}],"about":[{"href":"https:\/\/eldiariodesanpedro.com.ar\/sitio\/wp-json\/wp\/v2\/types\/post"}],"author":[{"embeddable":true,"href":"https:\/\/eldiariodesanpedro.com.ar\/sitio\/wp-json\/wp\/v2\/users\/4"}],"replies":[{"embeddable":true,"href":"https:\/\/eldiariodesanpedro.com.ar\/sitio\/wp-json\/wp\/v2\/comments?post=59715"}],"version-history":[{"count":1,"href":"https:\/\/eldiariodesanpedro.com.ar\/sitio\/wp-json\/wp\/v2\/posts\/59715\/revisions"}],"predecessor-version":[{"id":59718,"href":"https:\/\/eldiariodesanpedro.com.ar\/sitio\/wp-json\/wp\/v2\/posts\/59715\/revisions\/59718"}],"wp:featuredmedia":[{"embeddable":true,"href":"https:\/\/eldiariodesanpedro.com.ar\/sitio\/wp-json\/wp\/v2\/media\/59717"}],"wp:attachment":[{"href":"https:\/\/eldiariodesanpedro.com.ar\/sitio\/wp-json\/wp\/v2\/media?parent=59715"}],"wp:term":[{"taxonomy":"category","embeddable":true,"href":"https:\/\/eldiariodesanpedro.com.ar\/sitio\/wp-json\/wp\/v2\/categories?post=59715"},{"taxonomy":"post_tag","embeddable":true,"href":"https:\/\/eldiariodesanpedro.com.ar\/sitio\/wp-json\/wp\/v2\/tags?post=59715"}],"curies":[{"name":"wp","href":"https:\/\/api.w.org\/{rel}","templated":true}]}}