{"id":59711,"date":"2019-09-10T09:46:23","date_gmt":"2019-09-10T12:46:23","guid":{"rendered":"https:\/\/eldiariodesanpedro.com.ar\/sitio\/?p=59711"},"modified":"2019-09-10T09:46:28","modified_gmt":"2019-09-10T12:46:28","slug":"baradero-posible-caso-de-abuso-ella-me-dijo-que-no-queria-volver-a-la-casa-porque-su-papa-le-hacia-cosas-la-violaba","status":"publish","type":"post","link":"https:\/\/eldiariodesanpedro.com.ar\/sitio\/baradero-posible-caso-de-abuso-ella-me-dijo-que-no-queria-volver-a-la-casa-porque-su-papa-le-hacia-cosas-la-violaba\/","title":{"rendered":"BARADERO | Posible caso de abuso: \u201cElla me dijo que no quer\u00eda volver a la casa porque su pap\u00e1 le hac\u00eda cosas, la violaba\u201d"},"content":{"rendered":"<!-- VideographyWP Plugin Message: Automatic video embedding prevented by plugin options. -->\n\n<p> El hecho fue el \u00faltimo viernes por la noche cuando una menor de 11 a\u00f1os estaba en la casa de un amiga, al regresar junto a ella a su vivienda, en el transcurso del recorrido, se desvanece y ah\u00ed le relata en primer lugar a su compa\u00f1era las actitudes abusivas que ten\u00eda el padre para con ella. Al volver, la madre de la amiga escucha la narraci\u00f3n de todo lo ocurrido y decide acompa\u00f1ar a la nena a buscar a la madre para posteriormente realizar la denuncia. En la ma\u00f1ana del lunes, a trav\u00e9s de LS2 RADIO 96.9, Yanina, quien denunci\u00f3 el hecho cont\u00f3 lo sucedido. <\/p>\n\n\n\n<p>\u201cEn la esquina de la casa, la nena se desploma, empez\u00f3 a llorar y le dijo a mi hija que no quer\u00eda ir a la casa porque su pap\u00e1 la tocaba y abusaba de ella, volvieron a mi casa, salgo afuera porque estaban las dos llorando, y ah\u00ed me cuenta que su pap\u00e1 le hac\u00eda cosas, que la violaba, le pregunt\u00e9 si era verdad, me dijo que s\u00ed, y bueno le pregunto  a mi marido \u2018qu\u00e9 hacemos\u2019 porque no la pod\u00eda dejar ir as\u00ed y sali\u00f3 a hablar y le cont\u00f3 que el pap\u00e1 la violaba desde los seis a\u00f1os y que su mam\u00e1 no sab\u00eda nada, fui a hacer la denuncia, fui a buscar a la mam\u00e1, y ah\u00ed le dije a la se\u00f1ora y sali\u00f3 a defenderlo, y le dije c\u00f3mo no le va a creer a una nena de 11 a\u00f1os, entonces la llev\u00e9 a que haga la denuncia, yo le cre\u00ed desde el primer momento a la nena\u201d<\/p>\n\n\n\n<p>Fuente: Baradero Hoy<\/p>\n","protected":false},"excerpt":{"rendered":"<p>El hecho fue el \u00faltimo viernes por la noche cuando una menor de 11 a\u00f1os estaba en la casa de un amiga, al regresar junto a ella a su vivienda, en el transcurso del recorrido, se desvanece y ah\u00ed le relata en primer lugar a su compa\u00f1era las actitudes abusivas que ten\u00eda el padre para [&hellip;]<\/p>\n","protected":false},"author":4,"featured_media":59713,"comment_status":"open","ping_status":"closed","sticky":false,"template":"","format":"standard","meta":{"om_disable_all_campaigns":false,"_jetpack_memberships_contains_paid_content":false,"footnotes":""},"categories":[621],"tags":[],"class_list":["post-59711","post","type-post","status-publish","format-standard","has-post-thumbnail","hentry","category-regionales"],"aioseo_notices":[],"gutentor_comment":0,"jetpack_featured_media_url":"https:\/\/eldiariodesanpedro.com.ar\/sitio\/wp-content\/uploads\/2019\/09\/0008016733.jpg","jetpack_shortlink":"https:\/\/wp.me\/p6RhLt-fx5","jetpack_sharing_enabled":true,"_links":{"self":[{"href":"https:\/\/eldiariodesanpedro.com.ar\/sitio\/wp-json\/wp\/v2\/posts\/59711","targetHints":{"allow":["GET"]}}],"collection":[{"href":"https:\/\/eldiariodesanpedro.com.ar\/sitio\/wp-json\/wp\/v2\/posts"}],"about":[{"href":"https:\/\/eldiariodesanpedro.com.ar\/sitio\/wp-json\/wp\/v2\/types\/post"}],"author":[{"embeddable":true,"href":"https:\/\/eldiariodesanpedro.com.ar\/sitio\/wp-json\/wp\/v2\/users\/4"}],"replies":[{"embeddable":true,"href":"https:\/\/eldiariodesanpedro.com.ar\/sitio\/wp-json\/wp\/v2\/comments?post=59711"}],"version-history":[{"count":1,"href":"https:\/\/eldiariodesanpedro.com.ar\/sitio\/wp-json\/wp\/v2\/posts\/59711\/revisions"}],"predecessor-version":[{"id":59714,"href":"https:\/\/eldiariodesanpedro.com.ar\/sitio\/wp-json\/wp\/v2\/posts\/59711\/revisions\/59714"}],"wp:featuredmedia":[{"embeddable":true,"href":"https:\/\/eldiariodesanpedro.com.ar\/sitio\/wp-json\/wp\/v2\/media\/59713"}],"wp:attachment":[{"href":"https:\/\/eldiariodesanpedro.com.ar\/sitio\/wp-json\/wp\/v2\/media?parent=59711"}],"wp:term":[{"taxonomy":"category","embeddable":true,"href":"https:\/\/eldiariodesanpedro.com.ar\/sitio\/wp-json\/wp\/v2\/categories?post=59711"},{"taxonomy":"post_tag","embeddable":true,"href":"https:\/\/eldiariodesanpedro.com.ar\/sitio\/wp-json\/wp\/v2\/tags?post=59711"}],"curies":[{"name":"wp","href":"https:\/\/api.w.org\/{rel}","templated":true}]}}