{"id":59707,"date":"2019-09-10T09:42:32","date_gmt":"2019-09-10T12:42:32","guid":{"rendered":"https:\/\/eldiariodesanpedro.com.ar\/sitio\/?p=59707"},"modified":"2019-09-10T09:42:36","modified_gmt":"2019-09-10T12:42:36","slug":"paro-nacional-provincial-y-local-de-ate","status":"publish","type":"post","link":"https:\/\/eldiariodesanpedro.com.ar\/sitio\/paro-nacional-provincial-y-local-de-ate\/","title":{"rendered":"Paro Nacional, Provincial y Local de ATE"},"content":{"rendered":"<!-- VideographyWP Plugin Message: Automatic video embedding prevented by plugin options. -->\n\n<p>Este martes ATE realiza un Paro Nacional con movilizaciones en todo el pa\u00eds junto a otros sindicatos de estatales para exigirle al Gobierno que d\u00e9 respuestas a los requerimientos salariales y de estabilidad laboral.<\/p>\n\n\n\n<p> En San Pedro la medida resiente la atenci\u00f3n en organismos nacionales y provinciales, como el Registro de las Personas, ARBA, AFIP, ANSES y el Patronato de Liberados. Tambi\u00e9n algunos empleados municipales se sumaron a la protesta.<\/p>\n\n\n\n<p>En ese marco, puntualizan los reclamos: \u201cEstamos exigiendo la reapertura de las paritarias tanto en el \u00e1mbito nacional como provincial, el reconocimiento del derecho a los trabajadores provinciales y municipales para acceder al Salario M\u00ednimo, Vital y M\u00f3vil, queremos que se reincorpore a los trabajadores despedidos y que sea anulado el Convenio Colectivo trucho que firm\u00f3 el Gobierno con UPCN para privilegiar a 2500 funcionarios jer\u00e1rquicos d\u00e1ndole continuidad laboral para que durante los pr\u00f3ximos 5 a\u00f1os boicoteen al futuro gobierno con privilegios salariales y laborales\u201d expresaron desde el gremio.<\/p>\n\n\n\n<p>Tambi\u00e9n hizo hincapi\u00e9 en las promesas incumplidas por el Gobierno al remarcar que \u201cde pasar a planta permanente progresivamente empezando por los 12 mil trabajadores y trabajadoras que ten\u00edan m\u00e1s de 10 a\u00f1os de antig\u00fcedad, pasaron a trav\u00e9s de concursos s\u00f3lo a 3 mil personas\u201d.<\/p>\n\n\n\n<p>Por \u00faltimo, con respecto al bono de $5.000 que anunci\u00f3 el gobierno para los trabajadores estatales, el titular de ATE a nivel Nacional sostuvo que \u201csi hay un acuerdo de Naci\u00f3n y de las provincias para que esto se materialice se puede generalizar, pero eso requiere auxilios, acuerdos y voluntad pol\u00edtica del Estado Nacional para promoverlos y de los gobiernos provinciales para poder concretarlo. Lamentablemente ni uno ni otro est\u00e1n haciendo ese esfuerzo, solamente en situaciones muy puntuales donde la lucha de los trabajadores permite, forzar al Gobierno para que reconozca ese bono\u201d.<\/p>\n\n\n\n<p><br><br><br><\/p>\n","protected":false},"excerpt":{"rendered":"<p>Este martes ATE realiza un Paro Nacional con movilizaciones en todo el pa\u00eds junto a otros sindicatos de estatales para exigirle al Gobierno que d\u00e9 respuestas a los requerimientos salariales y de estabilidad laboral. En San Pedro la medida resiente la atenci\u00f3n en organismos nacionales y provinciales, como el Registro de las Personas, ARBA, AFIP, [&hellip;]<\/p>\n","protected":false},"author":4,"featured_media":59708,"comment_status":"open","ping_status":"closed","sticky":false,"template":"","format":"standard","meta":{"om_disable_all_campaigns":false,"_jetpack_memberships_contains_paid_content":false,"footnotes":""},"categories":[2,102],"tags":[],"class_list":["post-59707","post","type-post","status-publish","format-standard","has-post-thumbnail","hentry","category-locales","category-politica-locales"],"aioseo_notices":[],"gutentor_comment":0,"jetpack_featured_media_url":"https:\/\/eldiariodesanpedro.com.ar\/sitio\/wp-content\/uploads\/2019\/09\/0036917737.jpg","jetpack_shortlink":"https:\/\/wp.me\/p6RhLt-fx1","jetpack_sharing_enabled":true,"_links":{"self":[{"href":"https:\/\/eldiariodesanpedro.com.ar\/sitio\/wp-json\/wp\/v2\/posts\/59707","targetHints":{"allow":["GET"]}}],"collection":[{"href":"https:\/\/eldiariodesanpedro.com.ar\/sitio\/wp-json\/wp\/v2\/posts"}],"about":[{"href":"https:\/\/eldiariodesanpedro.com.ar\/sitio\/wp-json\/wp\/v2\/types\/post"}],"author":[{"embeddable":true,"href":"https:\/\/eldiariodesanpedro.com.ar\/sitio\/wp-json\/wp\/v2\/users\/4"}],"replies":[{"embeddable":true,"href":"https:\/\/eldiariodesanpedro.com.ar\/sitio\/wp-json\/wp\/v2\/comments?post=59707"}],"version-history":[{"count":1,"href":"https:\/\/eldiariodesanpedro.com.ar\/sitio\/wp-json\/wp\/v2\/posts\/59707\/revisions"}],"predecessor-version":[{"id":59712,"href":"https:\/\/eldiariodesanpedro.com.ar\/sitio\/wp-json\/wp\/v2\/posts\/59707\/revisions\/59712"}],"wp:featuredmedia":[{"embeddable":true,"href":"https:\/\/eldiariodesanpedro.com.ar\/sitio\/wp-json\/wp\/v2\/media\/59708"}],"wp:attachment":[{"href":"https:\/\/eldiariodesanpedro.com.ar\/sitio\/wp-json\/wp\/v2\/media?parent=59707"}],"wp:term":[{"taxonomy":"category","embeddable":true,"href":"https:\/\/eldiariodesanpedro.com.ar\/sitio\/wp-json\/wp\/v2\/categories?post=59707"},{"taxonomy":"post_tag","embeddable":true,"href":"https:\/\/eldiariodesanpedro.com.ar\/sitio\/wp-json\/wp\/v2\/tags?post=59707"}],"curies":[{"name":"wp","href":"https:\/\/api.w.org\/{rel}","templated":true}]}}