{"id":59706,"date":"2019-09-10T09:42:02","date_gmt":"2019-09-10T12:42:02","guid":{"rendered":"https:\/\/eldiariodesanpedro.com.ar\/sitio\/?p=59706"},"modified":"2019-09-10T09:42:06","modified_gmt":"2019-09-10T12:42:06","slug":"baradero-antonijevic-presento-a-maroli-como-secretario-de-salud","status":"publish","type":"post","link":"https:\/\/eldiariodesanpedro.com.ar\/sitio\/baradero-antonijevic-presento-a-maroli-como-secretario-de-salud\/","title":{"rendered":"BARADERO | Antonijevic present\u00f3 a Maroli como Secretario de Salud"},"content":{"rendered":"<!-- VideographyWP Plugin Message: Automatic video embedding prevented by plugin options. -->\n\n<p>Ayer por la ma\u00f1ana, en la sala de conferencias del hospital municipal, la intendenta Antonijevic present\u00f3 oficialmente al Dr. Claudio Maroli como secretario de salud de nuestra ciudad.<\/p>\n\n\n\n<p> Acompa\u00f1ada por el administrador del nosocomio, Marcelo Daubian, la directora de atenci\u00f3n primaria, Dra. Devivo, el secretario de gobierno, Mart\u00edn Genoud y el propio Dr. Maroli, Fernanda Antonijevic abri\u00f3 la conferencia de la siguiente manera:<\/p>\n\n\n\n<p> <em>\u00bb La salud p\u00fablica ha sido un eje prioritario de nuestra gesti\u00f3n. Durante estos 4 a\u00f1os hemos realizado inversiones, infraestructura que no se hab\u00edan visto en los \u00faltimos treinta a\u00f1os en nuestra ciudad y hoy he convocado al doctor Claudio Maroli , un profesional con mucha experiencia y una gran sensibilidad social para comenzar un nuevo ciclo de la salud p\u00fablica de la ciudad.<br> En los \u00faltimos d\u00edas hemos venido trabajando en distintas cuestiones de lo que ya se viene realizando y su mejoramiento b\u00e1sicamente dentro y fuera del hospital.<br> En la parte interna junto a Marcelo Daubi\u00e1n, que tiene que ver con el otorgamiento de turnos y el software para unificar historias cl\u00ednicas de la ciudad y cuestiones administrativas donde Claudio tendr\u00e1 injerencia directa . Y por otra parte las especialidades que hemos mejorado pero a\u00fan tienen dificultades como la cl\u00ednica m\u00e9dica y el sistema m\u00e9dico de emergencias guardias de adultos.<br> Hemos hecho un gran esfuerzo en el \u00e1rea de pediatr\u00eda logrando tener neonatolog\u00eda de baja complejidad, lo mismo con maternidad y la infraestructura que desde el mi\u00e9rcoles que viene dispondremos de un 70 % mas de camas de adultos , tambi\u00e9n va a permitir contar con mas herramientas  y los m\u00e9dicos , que llevan adelante una gran tarea , puedan trabajar con mas tranquilidad.<br> -Descentralizar la salud tambi\u00e9n ha sido primordial en nuestra gesti\u00f3n, lo hemos hecho a traves de atenci\u00f3n primaria, mejorando todas las salas de atenci\u00f3n y vemos que debido a la crisis socio-econ\u00f3mica que nos est\u00e1 afectando , es necesario generar acciones complementarias  y con el doctor Maroli y la doctora Eleonora De Vivo acordamos dichas acciones de complemento para atender situaciones que requieren de una respuesta inmediata.<br> Estos ser\u00edan los lineamientos que vamos  a seguir con el Secretario de salud y el resto de profesionales , como es atenci\u00f3n primaria.\u00bb<\/em><\/p>\n\n\n\n<p>Fuente: Baradero Te Informa<\/p>\n","protected":false},"excerpt":{"rendered":"<p>Ayer por la ma\u00f1ana, en la sala de conferencias del hospital municipal, la intendenta Antonijevic present\u00f3 oficialmente al Dr. Claudio Maroli como secretario de salud de nuestra ciudad. Acompa\u00f1ada por el administrador del nosocomio, Marcelo Daubian, la directora de atenci\u00f3n primaria, Dra. Devivo, el secretario de gobierno, Mart\u00edn Genoud y el propio Dr. Maroli, Fernanda [&hellip;]<\/p>\n","protected":false},"author":4,"featured_media":59709,"comment_status":"open","ping_status":"closed","sticky":false,"template":"","format":"standard","meta":{"om_disable_all_campaigns":false,"_jetpack_memberships_contains_paid_content":false,"footnotes":""},"categories":[621],"tags":[],"class_list":["post-59706","post","type-post","status-publish","format-standard","has-post-thumbnail","hentry","category-regionales"],"aioseo_notices":[],"gutentor_comment":0,"jetpack_featured_media_url":"https:\/\/eldiariodesanpedro.com.ar\/sitio\/wp-content\/uploads\/2019\/09\/IMG_8094-Copy.jpg","jetpack_shortlink":"https:\/\/wp.me\/p6RhLt-fx0","jetpack_sharing_enabled":true,"_links":{"self":[{"href":"https:\/\/eldiariodesanpedro.com.ar\/sitio\/wp-json\/wp\/v2\/posts\/59706","targetHints":{"allow":["GET"]}}],"collection":[{"href":"https:\/\/eldiariodesanpedro.com.ar\/sitio\/wp-json\/wp\/v2\/posts"}],"about":[{"href":"https:\/\/eldiariodesanpedro.com.ar\/sitio\/wp-json\/wp\/v2\/types\/post"}],"author":[{"embeddable":true,"href":"https:\/\/eldiariodesanpedro.com.ar\/sitio\/wp-json\/wp\/v2\/users\/4"}],"replies":[{"embeddable":true,"href":"https:\/\/eldiariodesanpedro.com.ar\/sitio\/wp-json\/wp\/v2\/comments?post=59706"}],"version-history":[{"count":1,"href":"https:\/\/eldiariodesanpedro.com.ar\/sitio\/wp-json\/wp\/v2\/posts\/59706\/revisions"}],"predecessor-version":[{"id":59710,"href":"https:\/\/eldiariodesanpedro.com.ar\/sitio\/wp-json\/wp\/v2\/posts\/59706\/revisions\/59710"}],"wp:featuredmedia":[{"embeddable":true,"href":"https:\/\/eldiariodesanpedro.com.ar\/sitio\/wp-json\/wp\/v2\/media\/59709"}],"wp:attachment":[{"href":"https:\/\/eldiariodesanpedro.com.ar\/sitio\/wp-json\/wp\/v2\/media?parent=59706"}],"wp:term":[{"taxonomy":"category","embeddable":true,"href":"https:\/\/eldiariodesanpedro.com.ar\/sitio\/wp-json\/wp\/v2\/categories?post=59706"},{"taxonomy":"post_tag","embeddable":true,"href":"https:\/\/eldiariodesanpedro.com.ar\/sitio\/wp-json\/wp\/v2\/tags?post=59706"}],"curies":[{"name":"wp","href":"https:\/\/api.w.org\/{rel}","templated":true}]}}