{"id":59695,"date":"2019-09-10T09:25:26","date_gmt":"2019-09-10T12:25:26","guid":{"rendered":"https:\/\/eldiariodesanpedro.com.ar\/sitio\/?p=59695"},"modified":"2019-09-10T09:25:30","modified_gmt":"2019-09-10T12:25:30","slug":"nicolas-cava-subcampeon-en-la-competencia-de-habilidades-bomberiles-en-colombia","status":"publish","type":"post","link":"https:\/\/eldiariodesanpedro.com.ar\/sitio\/nicolas-cava-subcampeon-en-la-competencia-de-habilidades-bomberiles-en-colombia\/","title":{"rendered":"Nicolas Cava subcampe\u00f3n en la competencia de habilidades bomberiles en Colombia"},"content":{"rendered":"<!-- VideographyWP Plugin Message: Automatic video embedding prevented by plugin options. -->\n\n<p>Culmin\u00f3 el certamen internacional que reuni\u00f3 a bomberos de todo el mundo. El sampedrino volvi\u00f3 a destacarse como en las ediciones anteriores.&nbsp;<br><\/p>\n\n\n\n<ul class=\"wp-block-gallery columns-3 is-cropped wp-block-gallery-1 is-layout-flex wp-block-gallery-is-layout-flex\"><li class=\"blocks-gallery-item\"><figure><img decoding=\"async\" width=\"960\" height=\"1280\" data-attachment-id=\"59696\" data-permalink=\"https:\/\/eldiariodesanpedro.com.ar\/sitio\/nicolas-cava-subcampeon-en-la-competencia-de-habilidades-bomberiles-en-colombia\/whatsapp-image-2019-09-07-at-4-00-02-pm-1\/\" data-orig-file=\"https:\/\/eldiariodesanpedro.com.ar\/sitio\/wp-content\/uploads\/2019\/09\/WhatsApp-Image-2019-09-07-at-4.00.02-PM-1.jpeg\" data-orig-size=\"960,1280\" data-comments-opened=\"1\" data-image-meta=\"{&quot;aperture&quot;:&quot;0&quot;,&quot;credit&quot;:&quot;&quot;,&quot;camera&quot;:&quot;&quot;,&quot;caption&quot;:&quot;&quot;,&quot;created_timestamp&quot;:&quot;0&quot;,&quot;copyright&quot;:&quot;&quot;,&quot;focal_length&quot;:&quot;0&quot;,&quot;iso&quot;:&quot;0&quot;,&quot;shutter_speed&quot;:&quot;0&quot;,&quot;title&quot;:&quot;&quot;,&quot;orientation&quot;:&quot;0&quot;}\" data-image-title=\"WhatsApp-Image-2019-09-07-at-4.00.02-PM-1\" data-image-description=\"\" data-image-caption=\"\" data-large-file=\"https:\/\/eldiariodesanpedro.com.ar\/sitio\/wp-content\/uploads\/2019\/09\/WhatsApp-Image-2019-09-07-at-4.00.02-PM-1-768x1024.jpeg\" data-src=\"https:\/\/i2.wp.com\/eldiariodesanpedro.com.ar\/sitio\/wp-content\/uploads\/2019\/09\/WhatsApp-Image-2019-09-07-at-4.00.02-PM-1.jpeg?fit=660%2C880\" alt=\"\" data-id=\"59696\" data-link=\"https:\/\/eldiariodesanpedro.com.ar\/sitio\/?attachment_id=59696\" class=\"wp-image-59696 lazyload\" data-srcset=\"https:\/\/eldiariodesanpedro.com.ar\/sitio\/wp-content\/uploads\/2019\/09\/WhatsApp-Image-2019-09-07-at-4.00.02-PM-1.jpeg 960w, https:\/\/eldiariodesanpedro.com.ar\/sitio\/wp-content\/uploads\/2019\/09\/WhatsApp-Image-2019-09-07-at-4.00.02-PM-1-225x300.jpeg 225w, https:\/\/eldiariodesanpedro.com.ar\/sitio\/wp-content\/uploads\/2019\/09\/WhatsApp-Image-2019-09-07-at-4.00.02-PM-1-768x1024.jpeg 768w\" data-sizes=\"(max-width: 960px) 100vw, 960px\" src=\"data:image\/svg+xml;base64,PHN2ZyB3aWR0aD0iMSIgaGVpZ2h0PSIxIiB4bWxucz0iaHR0cDovL3d3dy53My5vcmcvMjAwMC9zdmciPjwvc3ZnPg==\" style=\"--smush-placeholder-width: 960px; --smush-placeholder-aspect-ratio: 960\/1280;\" \/><\/figure><\/li><li class=\"blocks-gallery-item\"><figure><img decoding=\"async\" width=\"960\" height=\"1280\" data-attachment-id=\"59697\" data-permalink=\"https:\/\/eldiariodesanpedro.com.ar\/sitio\/nicolas-cava-subcampeon-en-la-competencia-de-habilidades-bomberiles-en-colombia\/whatsapp-image-2019-09-07-at-4-00-02-pm-2\/\" data-orig-file=\"https:\/\/eldiariodesanpedro.com.ar\/sitio\/wp-content\/uploads\/2019\/09\/WhatsApp-Image-2019-09-07-at-4.00.02-PM-2.jpeg\" data-orig-size=\"960,1280\" data-comments-opened=\"1\" data-image-meta=\"{&quot;aperture&quot;:&quot;0&quot;,&quot;credit&quot;:&quot;&quot;,&quot;camera&quot;:&quot;&quot;,&quot;caption&quot;:&quot;&quot;,&quot;created_timestamp&quot;:&quot;0&quot;,&quot;copyright&quot;:&quot;&quot;,&quot;focal_length&quot;:&quot;0&quot;,&quot;iso&quot;:&quot;0&quot;,&quot;shutter_speed&quot;:&quot;0&quot;,&quot;title&quot;:&quot;&quot;,&quot;orientation&quot;:&quot;0&quot;}\" data-image-title=\"WhatsApp-Image-2019-09-07-at-4.00.02-PM-2\" data-image-description=\"\" data-image-caption=\"\" data-large-file=\"https:\/\/eldiariodesanpedro.com.ar\/sitio\/wp-content\/uploads\/2019\/09\/WhatsApp-Image-2019-09-07-at-4.00.02-PM-2-768x1024.jpeg\" data-src=\"https:\/\/i2.wp.com\/eldiariodesanpedro.com.ar\/sitio\/wp-content\/uploads\/2019\/09\/WhatsApp-Image-2019-09-07-at-4.00.02-PM-2.jpeg?fit=660%2C880\" alt=\"\" data-id=\"59697\" data-link=\"https:\/\/eldiariodesanpedro.com.ar\/sitio\/?attachment_id=59697\" class=\"wp-image-59697 lazyload\" data-srcset=\"https:\/\/eldiariodesanpedro.com.ar\/sitio\/wp-content\/uploads\/2019\/09\/WhatsApp-Image-2019-09-07-at-4.00.02-PM-2.jpeg 960w, https:\/\/eldiariodesanpedro.com.ar\/sitio\/wp-content\/uploads\/2019\/09\/WhatsApp-Image-2019-09-07-at-4.00.02-PM-2-225x300.jpeg 225w, https:\/\/eldiariodesanpedro.com.ar\/sitio\/wp-content\/uploads\/2019\/09\/WhatsApp-Image-2019-09-07-at-4.00.02-PM-2-768x1024.jpeg 768w\" data-sizes=\"(max-width: 960px) 100vw, 960px\" src=\"data:image\/svg+xml;base64,PHN2ZyB3aWR0aD0iMSIgaGVpZ2h0PSIxIiB4bWxucz0iaHR0cDovL3d3dy53My5vcmcvMjAwMC9zdmciPjwvc3ZnPg==\" style=\"--smush-placeholder-width: 960px; --smush-placeholder-aspect-ratio: 960\/1280;\" \/><\/figure><\/li><li class=\"blocks-gallery-item\"><figure><img decoding=\"async\" width=\"1280\" height=\"960\" data-attachment-id=\"59698\" data-permalink=\"https:\/\/eldiariodesanpedro.com.ar\/sitio\/nicolas-cava-subcampeon-en-la-competencia-de-habilidades-bomberiles-en-colombia\/whatsapp-image-2019-09-07-at-4-00-02-pm\/\" data-orig-file=\"https:\/\/eldiariodesanpedro.com.ar\/sitio\/wp-content\/uploads\/2019\/09\/WhatsApp-Image-2019-09-07-at-4.00.02-PM.jpeg\" data-orig-size=\"1280,960\" data-comments-opened=\"1\" data-image-meta=\"{&quot;aperture&quot;:&quot;0&quot;,&quot;credit&quot;:&quot;&quot;,&quot;camera&quot;:&quot;&quot;,&quot;caption&quot;:&quot;&quot;,&quot;created_timestamp&quot;:&quot;0&quot;,&quot;copyright&quot;:&quot;&quot;,&quot;focal_length&quot;:&quot;0&quot;,&quot;iso&quot;:&quot;0&quot;,&quot;shutter_speed&quot;:&quot;0&quot;,&quot;title&quot;:&quot;&quot;,&quot;orientation&quot;:&quot;0&quot;}\" data-image-title=\"WhatsApp-Image-2019-09-07-at-4.00.02-PM\" data-image-description=\"\" data-image-caption=\"\" data-large-file=\"https:\/\/eldiariodesanpedro.com.ar\/sitio\/wp-content\/uploads\/2019\/09\/WhatsApp-Image-2019-09-07-at-4.00.02-PM-1024x768.jpeg\" data-src=\"https:\/\/i2.wp.com\/eldiariodesanpedro.com.ar\/sitio\/wp-content\/uploads\/2019\/09\/WhatsApp-Image-2019-09-07-at-4.00.02-PM.jpeg?fit=660%2C495\" alt=\"\" data-id=\"59698\" data-link=\"https:\/\/eldiariodesanpedro.com.ar\/sitio\/?attachment_id=59698\" class=\"wp-image-59698 lazyload\" data-srcset=\"https:\/\/eldiariodesanpedro.com.ar\/sitio\/wp-content\/uploads\/2019\/09\/WhatsApp-Image-2019-09-07-at-4.00.02-PM.jpeg 1280w, https:\/\/eldiariodesanpedro.com.ar\/sitio\/wp-content\/uploads\/2019\/09\/WhatsApp-Image-2019-09-07-at-4.00.02-PM-300x225.jpeg 300w, https:\/\/eldiariodesanpedro.com.ar\/sitio\/wp-content\/uploads\/2019\/09\/WhatsApp-Image-2019-09-07-at-4.00.02-PM-768x576.jpeg 768w, https:\/\/eldiariodesanpedro.com.ar\/sitio\/wp-content\/uploads\/2019\/09\/WhatsApp-Image-2019-09-07-at-4.00.02-PM-1024x768.jpeg 1024w\" data-sizes=\"(max-width: 1280px) 100vw, 1280px\" src=\"data:image\/svg+xml;base64,PHN2ZyB3aWR0aD0iMSIgaGVpZ2h0PSIxIiB4bWxucz0iaHR0cDovL3d3dy53My5vcmcvMjAwMC9zdmciPjwvc3ZnPg==\" style=\"--smush-placeholder-width: 1280px; --smush-placeholder-aspect-ratio: 1280\/960;\" \/><\/figure><\/li><\/ul>\n\n\n\n<p>En el marco de las competencias Latinoamericanas de Bomberos Voluntarios llevadas a cabo en la ciudad de Cali, Colombia, entre los d\u00edas 5\u00a0y 7 de septiembre, Nicol\u00e1s Cava, integrante del cuerpo de\u00a0Bomberos Voluntarios de San Pedro y en representaci\u00f3n de la Argentina, se clasific\u00f3\u00a0Subcampe\u00f3n llegando a la etapa final con el representante de Uruguay quien gan\u00f3\u00a0la final con una m\u00ednima diferencia de 7 cent\u00e9simas.<\/p>\n\n\n\n<p>Este lunes por la noche regreso a nuestra ciudad  y fue recibido por sus integrantes de la Asociaci\u00f3n de Bomberos, familiares y amigos. En una unidad del cuerpo de voluntarios, recorri\u00f3 las calles c\u00e9ntricas de la ciudad con su trofeo en alto.<\/p>\n\n\n\n<ul class=\"wp-block-gallery columns-1 is-cropped wp-block-gallery-2 is-layout-flex wp-block-gallery-is-layout-flex\"><li class=\"blocks-gallery-item\"><figure><img decoding=\"async\" width=\"1024\" height=\"484\" data-attachment-id=\"59700\" data-permalink=\"https:\/\/eldiariodesanpedro.com.ar\/sitio\/nicolas-cava-subcampeon-en-la-competencia-de-habilidades-bomberiles-en-colombia\/whatsapp-image-2019-09-09-at-8-43-39-pm\/\" data-orig-file=\"https:\/\/eldiariodesanpedro.com.ar\/sitio\/wp-content\/uploads\/2019\/09\/WhatsApp-Image-2019-09-09-at-8.43.39-PM.jpeg\" data-orig-size=\"1280,605\" data-comments-opened=\"1\" data-image-meta=\"{&quot;aperture&quot;:&quot;0&quot;,&quot;credit&quot;:&quot;&quot;,&quot;camera&quot;:&quot;&quot;,&quot;caption&quot;:&quot;&quot;,&quot;created_timestamp&quot;:&quot;0&quot;,&quot;copyright&quot;:&quot;&quot;,&quot;focal_length&quot;:&quot;0&quot;,&quot;iso&quot;:&quot;0&quot;,&quot;shutter_speed&quot;:&quot;0&quot;,&quot;title&quot;:&quot;&quot;,&quot;orientation&quot;:&quot;0&quot;}\" data-image-title=\"WhatsApp-Image-2019-09-09-at-8.43.39-PM\" data-image-description=\"\" data-image-caption=\"\" data-large-file=\"https:\/\/eldiariodesanpedro.com.ar\/sitio\/wp-content\/uploads\/2019\/09\/WhatsApp-Image-2019-09-09-at-8.43.39-PM-1024x484.jpeg\" data-src=\"https:\/\/eldiariodesanpedro.com.ar\/sitio\/wp-content\/uploads\/2019\/09\/WhatsApp-Image-2019-09-09-at-8.43.39-PM-1024x484.jpeg\" alt=\"\" data-id=\"59700\" data-link=\"https:\/\/eldiariodesanpedro.com.ar\/sitio\/?attachment_id=59700\" class=\"wp-image-59700 lazyload\" data-srcset=\"https:\/\/eldiariodesanpedro.com.ar\/sitio\/wp-content\/uploads\/2019\/09\/WhatsApp-Image-2019-09-09-at-8.43.39-PM-1024x484.jpeg 1024w, https:\/\/eldiariodesanpedro.com.ar\/sitio\/wp-content\/uploads\/2019\/09\/WhatsApp-Image-2019-09-09-at-8.43.39-PM-300x142.jpeg 300w, https:\/\/eldiariodesanpedro.com.ar\/sitio\/wp-content\/uploads\/2019\/09\/WhatsApp-Image-2019-09-09-at-8.43.39-PM-768x363.jpeg 768w, https:\/\/eldiariodesanpedro.com.ar\/sitio\/wp-content\/uploads\/2019\/09\/WhatsApp-Image-2019-09-09-at-8.43.39-PM.jpeg 1280w\" data-sizes=\"(max-width: 1024px) 100vw, 1024px\" src=\"data:image\/svg+xml;base64,PHN2ZyB3aWR0aD0iMSIgaGVpZ2h0PSIxIiB4bWxucz0iaHR0cDovL3d3dy53My5vcmcvMjAwMC9zdmciPjwvc3ZnPg==\" style=\"--smush-placeholder-width: 1024px; --smush-placeholder-aspect-ratio: 1024\/484;\" \/><\/figure><\/li><\/ul>\n\n\n\n<p><br> <\/p>\n\n\n\n<p><br><\/p>\n","protected":false},"excerpt":{"rendered":"<p>Culmin\u00f3 el certamen internacional que reuni\u00f3 a bomberos de todo el mundo. El sampedrino volvi\u00f3 a destacarse como en las ediciones anteriores.&nbsp; En el marco de las competencias Latinoamericanas de Bomberos Voluntarios llevadas a cabo en la ciudad de Cali, Colombia, entre los d\u00edas 5\u00a0y 7 de septiembre, Nicol\u00e1s Cava, integrante del cuerpo de\u00a0Bomberos Voluntarios [&hellip;]<\/p>\n","protected":false},"author":4,"featured_media":59701,"comment_status":"open","ping_status":"closed","sticky":false,"template":"","format":"standard","meta":{"om_disable_all_campaigns":false,"_jetpack_memberships_contains_paid_content":false,"footnotes":""},"categories":[50,101,2],"tags":[],"class_list":["post-59695","post","type-post","status-publish","format-standard","has-post-thumbnail","hentry","category-destacadas","category-interes-general-locales","category-locales"],"aioseo_notices":[],"gutentor_comment":0,"jetpack_featured_media_url":"https:\/\/eldiariodesanpedro.com.ar\/sitio\/wp-content\/uploads\/2019\/09\/WhatsApp-Image-2019-09-09-at-8.59.22-PM-1.jpeg","jetpack_shortlink":"https:\/\/wp.me\/p6RhLt-fwP","jetpack_sharing_enabled":true,"_links":{"self":[{"href":"https:\/\/eldiariodesanpedro.com.ar\/sitio\/wp-json\/wp\/v2\/posts\/59695","targetHints":{"allow":["GET"]}}],"collection":[{"href":"https:\/\/eldiariodesanpedro.com.ar\/sitio\/wp-json\/wp\/v2\/posts"}],"about":[{"href":"https:\/\/eldiariodesanpedro.com.ar\/sitio\/wp-json\/wp\/v2\/types\/post"}],"author":[{"embeddable":true,"href":"https:\/\/eldiariodesanpedro.com.ar\/sitio\/wp-json\/wp\/v2\/users\/4"}],"replies":[{"embeddable":true,"href":"https:\/\/eldiariodesanpedro.com.ar\/sitio\/wp-json\/wp\/v2\/comments?post=59695"}],"version-history":[{"count":1,"href":"https:\/\/eldiariodesanpedro.com.ar\/sitio\/wp-json\/wp\/v2\/posts\/59695\/revisions"}],"predecessor-version":[{"id":59705,"href":"https:\/\/eldiariodesanpedro.com.ar\/sitio\/wp-json\/wp\/v2\/posts\/59695\/revisions\/59705"}],"wp:featuredmedia":[{"embeddable":true,"href":"https:\/\/eldiariodesanpedro.com.ar\/sitio\/wp-json\/wp\/v2\/media\/59701"}],"wp:attachment":[{"href":"https:\/\/eldiariodesanpedro.com.ar\/sitio\/wp-json\/wp\/v2\/media?parent=59695"}],"wp:term":[{"taxonomy":"category","embeddable":true,"href":"https:\/\/eldiariodesanpedro.com.ar\/sitio\/wp-json\/wp\/v2\/categories?post=59695"},{"taxonomy":"post_tag","embeddable":true,"href":"https:\/\/eldiariodesanpedro.com.ar\/sitio\/wp-json\/wp\/v2\/tags?post=59695"}],"curies":[{"name":"wp","href":"https:\/\/api.w.org\/{rel}","templated":true}]}}