{"id":59692,"date":"2019-09-10T09:02:40","date_gmt":"2019-09-10T12:02:40","guid":{"rendered":"https:\/\/eldiariodesanpedro.com.ar\/sitio\/?p=59692"},"modified":"2019-09-10T09:02:44","modified_gmt":"2019-09-10T12:02:44","slug":"juegos-bonaerenses-2019-equipos-ganadores-para-participar","status":"publish","type":"post","link":"https:\/\/eldiariodesanpedro.com.ar\/sitio\/juegos-bonaerenses-2019-equipos-ganadores-para-participar\/","title":{"rendered":"Juegos Bonaerenses 2019: Equipos ganadores para participar"},"content":{"rendered":"<!-- VideographyWP Plugin Message: Automatic video embedding prevented by plugin options. -->\n\n<p>Desde el municipio confirmaron la lista de todos los participantes que competiran en las finales de los Juegos Bonaerenses.<\/p>\n\n\n\n<p> Les presentamos la lista de los ganadores de las etapas regionales en juveniles y personas con discapacidad:<br><\/p>\n\n\n\n<p>\n\n*Ajedrez: Feliciano Mozzi &#8211; Sasha Medina<br>Profesor: Diego Dom\u00ednguez<\/p>\n\n\n\n<p>*Atletismo: Ariadna Rojas \u2013 Candela Ojeda \u2013 Kevin Caballero \u2013Milagros Deveze &#8211; Braian Moreno &#8211; Adelfa Cabrera<\/p>\n\n\n\n<p>Posta 5&#215;80: Candela Basaldua \u2013 Trinidad Trota \u2013 Victoria Palomeque \u2013 Sof\u00eda Rasio &#8211; Valentina V\u00e1zquez<br>Profesora: Jorgelina Bustamante<\/p>\n\n\n\n<p>*B\u00e1dminton: Bautista Picerno<br>Delegada: Marina Pivarc<\/p>\n\n\n\n<p>*Futsal: Valentino Zarzecki &#8211; Juan Andr\u00e9s Est\u00e9vez &#8211; Franco Brienza &#8211; Nazareno Cotino Borges &#8211; Giovani Ramanzini &#8211; Fabricio Maselli &#8211; Agust\u00edn Cabrera &#8211; Bautista Velo Sola<br>Profesor: Pablo Velo<\/p>\n\n\n\n<p>*Gimnasia art\u00edstica: Thiago Guti\u00e9rrez &#8211; Jos\u00e9 Barcena<br>Profesora: Micaela Tirao<\/p>\n\n\n\n<p>*Handball: Thiago Juan Bennazzar \u2013 Valent\u00edn Corado \u2013 Benjam\u00edn Terre \u2013 Maximiliano Mor \u2013 Gast\u00f3n Oliva \u2013 Alesandro Garabaglia \u2013 Mat\u00edas Vicents \u2013 Nicol\u00e1s Freixedes \u2013 Valent\u00edn Austin \u2013 Juan Mart\u00edn S\u00e1nchez \u2013 Ger\u00f3nimo Ratto<br>Profesor: Marcos Terre<\/p>\n\n\n\n<p>*Nataci\u00f3n: Agostina Albano &#8211; Candela Mart\u00ednez &#8211; Sof\u00eda Caferri Gonz\u00e1lez &#8211; Lola Ram\u00edrez &#8211; Joaqu\u00edn Murlaa<br>Profesora: Daniela Villa<\/p>\n\n\n\n<p>*Pat\u00edn art\u00edstico: Sof\u00eda Baca &#8211; Ana Gamietea &#8211; Martina Figueredo \u2013 Valentina Cejas &#8211; Natasha Salazar<br>Profesora: Karina Ruiz<\/p>\n\n\n\n<p>*Rugby: Alvar Novo &#8211; Thiago L\u00f3pez &#8211; Tadeo Castillo &#8211; Valent\u00edn Olivera &#8211; Joaqu\u00edn Vell\u00f3n \u2013 Santiago Masanes \u2013 Mat\u00edas Sastre \u2013 Elier Dennon \u2013 Said Baracat \u2013 Pedro Sciarra \u2013 Valent\u00edn Torres \u2013 Nazareno Taurizano &#8211; Pedro Crespo &#8211; Axel Di Mayo \u2013 Joaqu\u00edn Mendieta<br>Profesor: Juan Carlos Novo<\/p>\n\n\n\n<p>*Softbol: Bernarda Graff \u2013 Zoe Gonzales \u2013 Delfina \u00c1lvarez \u2013 Bernardina P\u00e9rez \u2013 Abril Medina Casco \u2013 Martina Catalano \u2013 Catalina Marelli \u2013 Mar\u00eda Victoria Duran \u2013 \u00c1ngeles Aballay \u2013 Justina D\u00edaz &#8211; Valentina Franco &#8211; Morena Carnelli \u2013 Belinda Ludovica Valera<br>Profesor: Andr\u00e9s Maneiro<\/p>\n\n\n\n<p>*Surf: Manuela Tirao<br>Profesora: Juliana Kurlat<\/p>\n\n\n\n<p>*Tenis single: Lara Agusti<br>Delegado: Carlos Daniel Villarruel<\/p>\n\n\n\n<p>*Voleibol: Juan Cruz Otero &#8211; Jorge Raillion &#8211; Juli\u00e1n Abalos \u2013 M\u00e1ximo Dom\u00ednguez &#8211; Francisco Nouet &#8211; Nazareno Massaglia \u2013 Francisco Tommasi &#8211; Juan Ignacio Ucero &#8211; Fabricio Fortunato \u2013 Felipe Luciani \u2013 Valentino Chipolini<br>Profesora: Fernanda Malacrida<\/p>\n\n\n\n<p>*F\u00fatbol PCD: Jonathan Novella &#8211; Pedro Mart\u00ednez \u2013 Augusto Gonz\u00e1lez \u2013 Jes\u00fas Mart\u00ednez \u2013 Nicol\u00e1s Lavalleto \u2013 Nicol\u00e1s Suarez \u2013 Miguel Ledesma<br>Profesor: Franco Ansaloni<\/p>\n\n\n\n<p>*Futbol PCD: Ramiro C\u00e1ceres \u2013 Pablo Campod\u00f3nico &#8211; Agust\u00edn Donaires \u2013 Jes\u00fas Fern\u00e1ndez &#8211; Lisandro Silva &#8211; Gonzalo Peralta &#8211; Mart\u00edn Noriega<br>Profesor: Mat\u00edas Basante<\/p>\n\n\n\n<p>*Atletismo PCD: Brisa Cocozzo \u2013 Mijael Schiros \u2013 Adri\u00e1n Caminos \u2013 Milagros Oliveto \u2013 Martina Maro\u00f1o &#8211; Ian Contreras<br>Profesor: Alejo Del Valle<\/p>\n\n\n\n<p>*Nataci\u00f3n PCD: Lihuel Gatica \u2013 Agust\u00edn Caldas<br>Profesor: Fernando Fontela<\/p>\n\n\n\n<p>*Cultura PCD Canto: Joaqu\u00edn Traverso<br>*Cultura Pintura: Julia Mazzinices<br>Delegado: Luciano Gim\u00e9nez<br><\/p>\n","protected":false},"excerpt":{"rendered":"<p>Desde el municipio confirmaron la lista de todos los participantes que competiran en las finales de los Juegos Bonaerenses. Les presentamos la lista de los ganadores de las etapas regionales en juveniles y personas con discapacidad: *Ajedrez: Feliciano Mozzi &#8211; Sasha MedinaProfesor: Diego Dom\u00ednguez *Atletismo: Ariadna Rojas \u2013 Candela Ojeda \u2013 Kevin Caballero \u2013Milagros Deveze [&hellip;]<\/p>\n","protected":false},"author":4,"featured_media":59693,"comment_status":"open","ping_status":"closed","sticky":false,"template":"","format":"standard","meta":{"om_disable_all_campaigns":false,"_jetpack_memberships_contains_paid_content":false,"footnotes":""},"categories":[101,2],"tags":[],"class_list":["post-59692","post","type-post","status-publish","format-standard","has-post-thumbnail","hentry","category-interes-general-locales","category-locales"],"aioseo_notices":[],"gutentor_comment":0,"jetpack_featured_media_url":"https:\/\/eldiariodesanpedro.com.ar\/sitio\/wp-content\/uploads\/2019\/09\/inscripcion.jpg","jetpack_shortlink":"https:\/\/wp.me\/p6RhLt-fwM","jetpack_sharing_enabled":true,"_links":{"self":[{"href":"https:\/\/eldiariodesanpedro.com.ar\/sitio\/wp-json\/wp\/v2\/posts\/59692","targetHints":{"allow":["GET"]}}],"collection":[{"href":"https:\/\/eldiariodesanpedro.com.ar\/sitio\/wp-json\/wp\/v2\/posts"}],"about":[{"href":"https:\/\/eldiariodesanpedro.com.ar\/sitio\/wp-json\/wp\/v2\/types\/post"}],"author":[{"embeddable":true,"href":"https:\/\/eldiariodesanpedro.com.ar\/sitio\/wp-json\/wp\/v2\/users\/4"}],"replies":[{"embeddable":true,"href":"https:\/\/eldiariodesanpedro.com.ar\/sitio\/wp-json\/wp\/v2\/comments?post=59692"}],"version-history":[{"count":1,"href":"https:\/\/eldiariodesanpedro.com.ar\/sitio\/wp-json\/wp\/v2\/posts\/59692\/revisions"}],"predecessor-version":[{"id":59694,"href":"https:\/\/eldiariodesanpedro.com.ar\/sitio\/wp-json\/wp\/v2\/posts\/59692\/revisions\/59694"}],"wp:featuredmedia":[{"embeddable":true,"href":"https:\/\/eldiariodesanpedro.com.ar\/sitio\/wp-json\/wp\/v2\/media\/59693"}],"wp:attachment":[{"href":"https:\/\/eldiariodesanpedro.com.ar\/sitio\/wp-json\/wp\/v2\/media?parent=59692"}],"wp:term":[{"taxonomy":"category","embeddable":true,"href":"https:\/\/eldiariodesanpedro.com.ar\/sitio\/wp-json\/wp\/v2\/categories?post=59692"},{"taxonomy":"post_tag","embeddable":true,"href":"https:\/\/eldiariodesanpedro.com.ar\/sitio\/wp-json\/wp\/v2\/tags?post=59692"}],"curies":[{"name":"wp","href":"https:\/\/api.w.org\/{rel}","templated":true}]}}