{"id":59689,"date":"2019-09-10T08:48:37","date_gmt":"2019-09-10T11:48:37","guid":{"rendered":"https:\/\/eldiariodesanpedro.com.ar\/sitio\/?p=59689"},"modified":"2019-09-10T08:48:41","modified_gmt":"2019-09-10T11:48:41","slug":"gob-castro-se-entregaron-cuello-y-laurito-acusados-de-homicidio","status":"publish","type":"post","link":"https:\/\/eldiariodesanpedro.com.ar\/sitio\/gob-castro-se-entregaron-cuello-y-laurito-acusados-de-homicidio\/","title":{"rendered":"Gob. Castro: Se entregaron Cuello y Laurito acusados de homicidio"},"content":{"rendered":"<!-- VideographyWP Plugin Message: Automatic video embedding prevented by plugin options. -->\n\n<p>Ambos sospechosos\u00a0ten\u00edan pedido de captura internacional por el asesinato de Manuel Romero en Gdor. Castro. Ahora son cinco los detenidos.<\/p>\n\n\n\n<p>Durante las primeras horas de la tarde del lunes se entregaron\u00a0N\u00e9stor Fabi\u00e1n Laurito de 34 a\u00f1os y\u00a0Carlos Alejandro Cuello, de 31 a\u00f1os, ambos oriundos de La Emilia, partido de San Nicol\u00e1s.\u00a0<\/p>\n\n\n\n<p>Los dos est\u00e1n acusados de participar de la golpiza de la que resultara muerto Manuel Romero, un hombre de 32 a\u00f1os que unos d\u00edas atr\u00e1s al hecho hab\u00eda sido denunciado por haber participado del abuso sexual de una menor de 4 a\u00f1os.&nbsp;&nbsp;<ins><\/ins><\/p>\n\n\n\n<p>El hecho se desencaden\u00f3 en una pensi\u00f3n de la calle Italia en Gdor. Castro, y seg\u00fan un testigo presencial del hecho tanto Laurito como Cuello integraban el grupo de personas que irrumpi\u00f3 en la habitaci\u00f3n de Romero y provocaron distintas heridas debido a los golpes y hasta puntazos que recibi\u00f3.<\/p>\n\n\n\n<p>Los sospechosos desaparecieron de la escena del cr\u00edmen pero horas despu\u00e9s fueron identificados y a pesar del pedido de captura encomendado por la fiscal Viviana Ramos no hab\u00edan sido hallado.&nbsp;<\/p>\n\n\n\n<p>Laurito y Cuello se presentaron en compa\u00f1\u00eda de un abogado particular y quedaron detenidos en la ciudad de San Nicol\u00e1s hasta la ma\u00f1ana del martes en que presten declaraci\u00f3n ante la letrada nque instruye el caso.<\/p>\n\n\n\n<p>Ahora son cinco las personas detenidas,&nbsp;Antonia Beatriz Villalba de 41 a\u00f1os, Gabriela Galeano&nbsp;de 34,&nbsp;Juli\u00e1n Gallardo de 27&nbsp;y ahora&nbsp;N\u00e9stor&nbsp;Fabi\u00e1n&nbsp;Laurito&nbsp;de 34 a\u00f1os y&nbsp;Carlos Alejandro Cuello, de 31.&nbsp;<\/p>\n\n\n\n<p>Como fue de p\u00fablico conocimiento, Galeano es la mujer madre de la supuesta menor abusada, que tres d\u00edas antes del homicidio hab\u00eda denunciado a Romero, pero luego decidi\u00f3 hacer justicia por mano propia.\u00a0<\/p>\n\n\n\n<p>Fuente: San Pedro Informa<\/p>\n\n\n\n<p>Fuente imagenes galeria: Flash 24 y el Informante<\/p>\n\n\n\n<figure class=\"wp-block-image\"><img decoding=\"async\" width=\"1024\" height=\"768\" data-attachment-id=\"59690\" data-permalink=\"https:\/\/eldiariodesanpedro.com.ar\/sitio\/gob-castro-se-entregaron-cuello-y-laurito-acusados-de-homicidio\/attachment\/000079693\/\" data-orig-file=\"https:\/\/eldiariodesanpedro.com.ar\/sitio\/wp-content\/uploads\/2019\/09\/000079693.jpg\" data-orig-size=\"1024,768\" data-comments-opened=\"1\" data-image-meta=\"{&quot;aperture&quot;:&quot;0&quot;,&quot;credit&quot;:&quot;&quot;,&quot;camera&quot;:&quot;&quot;,&quot;caption&quot;:&quot;&quot;,&quot;created_timestamp&quot;:&quot;0&quot;,&quot;copyright&quot;:&quot;&quot;,&quot;focal_length&quot;:&quot;0&quot;,&quot;iso&quot;:&quot;0&quot;,&quot;shutter_speed&quot;:&quot;0&quot;,&quot;title&quot;:&quot;&quot;,&quot;orientation&quot;:&quot;0&quot;}\" data-image-title=\"000079693\" data-image-description=\"\" data-image-caption=\"\" data-large-file=\"https:\/\/eldiariodesanpedro.com.ar\/sitio\/wp-content\/uploads\/2019\/09\/000079693-1024x768.jpg\" data-src=\"https:\/\/i0.wp.com\/eldiariodesanpedro.com.ar\/sitio\/wp-content\/uploads\/2019\/09\/000079693.jpg?fit=660%2C495\" alt=\"\" class=\"wp-image-59690 lazyload\" data-srcset=\"https:\/\/eldiariodesanpedro.com.ar\/sitio\/wp-content\/uploads\/2019\/09\/000079693.jpg 1024w, https:\/\/eldiariodesanpedro.com.ar\/sitio\/wp-content\/uploads\/2019\/09\/000079693-300x225.jpg 300w, https:\/\/eldiariodesanpedro.com.ar\/sitio\/wp-content\/uploads\/2019\/09\/000079693-768x576.jpg 768w\" data-sizes=\"(max-width: 1024px) 100vw, 1024px\" src=\"data:image\/svg+xml;base64,PHN2ZyB3aWR0aD0iMSIgaGVpZ2h0PSIxIiB4bWxucz0iaHR0cDovL3d3dy53My5vcmcvMjAwMC9zdmciPjwvc3ZnPg==\" style=\"--smush-placeholder-width: 1024px; --smush-placeholder-aspect-ratio: 1024\/768;\" \/><\/figure>\n\n\n\n<figure class=\"wp-block-image\"><img decoding=\"async\" src=\"http:\/\/www.diarioelinformante.com.ar\/fotos3\/conmarca22038\" alt=\"\"\/><\/figure>\n","protected":false},"excerpt":{"rendered":"<p>Ambos sospechosos\u00a0ten\u00edan pedido de captura internacional por el asesinato de Manuel Romero en Gdor. Castro. Ahora son cinco los detenidos. Durante las primeras horas de la tarde del lunes se entregaron\u00a0N\u00e9stor Fabi\u00e1n Laurito de 34 a\u00f1os y\u00a0Carlos Alejandro Cuello, de 31 a\u00f1os, ambos oriundos de La Emilia, partido de San Nicol\u00e1s.\u00a0 Los dos est\u00e1n acusados [&hellip;]<\/p>\n","protected":false},"author":4,"featured_media":59690,"comment_status":"open","ping_status":"closed","sticky":false,"template":"","format":"standard","meta":{"om_disable_all_campaigns":false,"_jetpack_memberships_contains_paid_content":false,"footnotes":""},"categories":[50,2,103],"tags":[],"class_list":["post-59689","post","type-post","status-publish","format-standard","has-post-thumbnail","hentry","category-destacadas","category-locales","category-policiales-locales"],"aioseo_notices":[],"gutentor_comment":0,"jetpack_featured_media_url":"https:\/\/eldiariodesanpedro.com.ar\/sitio\/wp-content\/uploads\/2019\/09\/000079693.jpg","jetpack_shortlink":"https:\/\/wp.me\/p6RhLt-fwJ","jetpack_sharing_enabled":true,"_links":{"self":[{"href":"https:\/\/eldiariodesanpedro.com.ar\/sitio\/wp-json\/wp\/v2\/posts\/59689","targetHints":{"allow":["GET"]}}],"collection":[{"href":"https:\/\/eldiariodesanpedro.com.ar\/sitio\/wp-json\/wp\/v2\/posts"}],"about":[{"href":"https:\/\/eldiariodesanpedro.com.ar\/sitio\/wp-json\/wp\/v2\/types\/post"}],"author":[{"embeddable":true,"href":"https:\/\/eldiariodesanpedro.com.ar\/sitio\/wp-json\/wp\/v2\/users\/4"}],"replies":[{"embeddable":true,"href":"https:\/\/eldiariodesanpedro.com.ar\/sitio\/wp-json\/wp\/v2\/comments?post=59689"}],"version-history":[{"count":1,"href":"https:\/\/eldiariodesanpedro.com.ar\/sitio\/wp-json\/wp\/v2\/posts\/59689\/revisions"}],"predecessor-version":[{"id":59691,"href":"https:\/\/eldiariodesanpedro.com.ar\/sitio\/wp-json\/wp\/v2\/posts\/59689\/revisions\/59691"}],"wp:featuredmedia":[{"embeddable":true,"href":"https:\/\/eldiariodesanpedro.com.ar\/sitio\/wp-json\/wp\/v2\/media\/59690"}],"wp:attachment":[{"href":"https:\/\/eldiariodesanpedro.com.ar\/sitio\/wp-json\/wp\/v2\/media?parent=59689"}],"wp:term":[{"taxonomy":"category","embeddable":true,"href":"https:\/\/eldiariodesanpedro.com.ar\/sitio\/wp-json\/wp\/v2\/categories?post=59689"},{"taxonomy":"post_tag","embeddable":true,"href":"https:\/\/eldiariodesanpedro.com.ar\/sitio\/wp-json\/wp\/v2\/tags?post=59689"}],"curies":[{"name":"wp","href":"https:\/\/api.w.org\/{rel}","templated":true}]}}