{"id":59678,"date":"2019-09-09T18:23:00","date_gmt":"2019-09-09T21:23:00","guid":{"rendered":"https:\/\/eldiariodesanpedro.com.ar\/sitio\/?p=59678"},"modified":"2019-09-09T18:23:04","modified_gmt":"2019-09-09T21:23:04","slug":"personal-de-d-d-i-t-d-i-y-c-o-san-nicolas-detuvo-a-profugo-de-una-banda-que-desbarataron-en-san-pedro","status":"publish","type":"post","link":"https:\/\/eldiariodesanpedro.com.ar\/sitio\/personal-de-d-d-i-t-d-i-y-c-o-san-nicolas-detuvo-a-profugo-de-una-banda-que-desbarataron-en-san-pedro\/","title":{"rendered":"Personal de D.D.I.T.D.I y C.O San Nicol\u00e1s, detuvo a pr\u00f3fugo de una banda que desbarataron en San Pedro"},"content":{"rendered":"<!-- VideographyWP Plugin Message: Automatic video embedding prevented by plugin options. -->\n\n<p>Nouet, de 44 a\u00f1os de edad, acusado de ser parte de una banda que fue desbaratada en nuestra ciudad, se encontraba pr\u00f3fugo de la justicia desde aquel operativo en el mes de agosto donde fueron aprehendidas 8 personas.   La banda narco se trataba de una familia que compraba coca\u00edna en el conurbano y la repart\u00eda en San Pedro denominada \u00abLa abeja Reina del Narco Menudeo\u00bb. Fue detenido este lunes a pedido de la Jueza Mar\u00eda Eugenia Maiztegui, a cargo del Juzgado de Garant\u00eda Nro 3 del Departamento Judicial San Nicol\u00e1s. <\/p>\n\n\n\n<figure class=\"wp-block-image\"><img decoding=\"async\" width=\"1280\" height=\"853\" data-attachment-id=\"59681\" data-permalink=\"https:\/\/eldiariodesanpedro.com.ar\/sitio\/personal-de-d-d-i-t-d-i-y-c-o-san-nicolas-detuvo-a-profugo-de-una-banda-que-desbarataron-en-san-pedro\/whatsapp-image-2019-08-17-at-8-50-28-am-3\/\" data-orig-file=\"https:\/\/eldiariodesanpedro.com.ar\/sitio\/wp-content\/uploads\/2019\/09\/WhatsApp-Image-2019-08-17-at-8.50.28-AM.jpeg\" data-orig-size=\"1280,853\" data-comments-opened=\"1\" data-image-meta=\"{&quot;aperture&quot;:&quot;0&quot;,&quot;credit&quot;:&quot;&quot;,&quot;camera&quot;:&quot;&quot;,&quot;caption&quot;:&quot;&quot;,&quot;created_timestamp&quot;:&quot;0&quot;,&quot;copyright&quot;:&quot;&quot;,&quot;focal_length&quot;:&quot;0&quot;,&quot;iso&quot;:&quot;0&quot;,&quot;shutter_speed&quot;:&quot;0&quot;,&quot;title&quot;:&quot;&quot;,&quot;orientation&quot;:&quot;0&quot;}\" data-image-title=\"WhatsApp-Image-2019-08-17-at-8.50.28-AM\" data-image-description=\"\" data-image-caption=\"\" data-large-file=\"https:\/\/eldiariodesanpedro.com.ar\/sitio\/wp-content\/uploads\/2019\/09\/WhatsApp-Image-2019-08-17-at-8.50.28-AM-1024x682.jpeg\" data-src=\"https:\/\/i0.wp.com\/eldiariodesanpedro.com.ar\/sitio\/wp-content\/uploads\/2019\/09\/WhatsApp-Image-2019-08-17-at-8.50.28-AM.jpeg?fit=660%2C440\" alt=\"\" class=\"wp-image-59681 lazyload\" data-srcset=\"https:\/\/eldiariodesanpedro.com.ar\/sitio\/wp-content\/uploads\/2019\/09\/WhatsApp-Image-2019-08-17-at-8.50.28-AM.jpeg 1280w, https:\/\/eldiariodesanpedro.com.ar\/sitio\/wp-content\/uploads\/2019\/09\/WhatsApp-Image-2019-08-17-at-8.50.28-AM-300x200.jpeg 300w, https:\/\/eldiariodesanpedro.com.ar\/sitio\/wp-content\/uploads\/2019\/09\/WhatsApp-Image-2019-08-17-at-8.50.28-AM-768x512.jpeg 768w, https:\/\/eldiariodesanpedro.com.ar\/sitio\/wp-content\/uploads\/2019\/09\/WhatsApp-Image-2019-08-17-at-8.50.28-AM-1024x682.jpeg 1024w\" data-sizes=\"(max-width: 1280px) 100vw, 1280px\" src=\"data:image\/svg+xml;base64,PHN2ZyB3aWR0aD0iMSIgaGVpZ2h0PSIxIiB4bWxucz0iaHR0cDovL3d3dy53My5vcmcvMjAwMC9zdmciPjwvc3ZnPg==\" style=\"--smush-placeholder-width: 1280px; --smush-placeholder-aspect-ratio: 1280\/853;\" \/><\/figure>\n\n\n\n<p>La detenci\u00f3n se produjo este lunes por la tarde, personal de la Delegaci\u00f3n de Investigaciones del Tr\u00e1fico de Drogas Il\u00edcitas y Crimen Organizado, San Nicol\u00e1s,  hizo efectiva en San Pedro, la detenci\u00f3n de un masculino conocido  como Cristian Roberto Nouet de 44 a\u00f1os de edad, quien a ra\u00edz de m\u00faltiples allanamientos realizados en el mes de agosto en la localidad de San Pedro, Mor\u00f3n  y Villa Tesey, en los que fueron detenidas otras siete personas, habr\u00eda quedado pr\u00f3fugo de la justicia.<\/p>\n\n\n\n<p>Del mismo pesaba un pedido de Captura Activo ordenado por S. S Jueza Mar\u00eda Eugenia Maiztegui, a cargo del Juzgado de Garant\u00eda Nro 3 del Departamento Judicial San Nicol\u00e1s.<\/p>\n\n\n\n<p> Nouet es trasladado a Sede Policial a la espera de ser indagado por la Sra. Agente Fiscal Dra. Viviana Ramos a cargo de la UFI N 11, de San Pedro.<\/p>\n\n\n\n<figure class=\"wp-block-image\"><img decoding=\"async\" width=\"768\" height=\"1024\" data-attachment-id=\"59679\" data-permalink=\"https:\/\/eldiariodesanpedro.com.ar\/sitio\/img-20190909-wa0017\/\" data-orig-file=\"https:\/\/eldiariodesanpedro.com.ar\/sitio\/wp-content\/uploads\/2019\/09\/IMG-20190909-WA0017.jpg\" data-orig-size=\"774,1032\" data-comments-opened=\"1\" data-image-meta=\"{&quot;aperture&quot;:&quot;0&quot;,&quot;credit&quot;:&quot;&quot;,&quot;camera&quot;:&quot;&quot;,&quot;caption&quot;:&quot;&quot;,&quot;created_timestamp&quot;:&quot;0&quot;,&quot;copyright&quot;:&quot;&quot;,&quot;focal_length&quot;:&quot;0&quot;,&quot;iso&quot;:&quot;0&quot;,&quot;shutter_speed&quot;:&quot;0&quot;,&quot;title&quot;:&quot;&quot;,&quot;orientation&quot;:&quot;0&quot;}\" data-image-title=\"IMG-20190909-WA0017\" data-image-description=\"\" data-image-caption=\"\" data-large-file=\"https:\/\/eldiariodesanpedro.com.ar\/sitio\/wp-content\/uploads\/2019\/09\/IMG-20190909-WA0017-768x1024.jpg\" data-src=\"https:\/\/eldiariodesanpedro.com.ar\/sitio\/wp-content\/uploads\/2019\/09\/IMG-20190909-WA0017-768x1024.jpg\" alt=\"\" class=\"wp-image-59679 lazyload\" data-srcset=\"https:\/\/eldiariodesanpedro.com.ar\/sitio\/wp-content\/uploads\/2019\/09\/IMG-20190909-WA0017-768x1024.jpg 768w, https:\/\/eldiariodesanpedro.com.ar\/sitio\/wp-content\/uploads\/2019\/09\/IMG-20190909-WA0017-225x300.jpg 225w, https:\/\/eldiariodesanpedro.com.ar\/sitio\/wp-content\/uploads\/2019\/09\/IMG-20190909-WA0017.jpg 774w\" data-sizes=\"(max-width: 768px) 100vw, 768px\" src=\"data:image\/svg+xml;base64,PHN2ZyB3aWR0aD0iMSIgaGVpZ2h0PSIxIiB4bWxucz0iaHR0cDovL3d3dy53My5vcmcvMjAwMC9zdmciPjwvc3ZnPg==\" style=\"--smush-placeholder-width: 768px; --smush-placeholder-aspect-ratio: 768\/1024;\" \/><\/figure>\n\n\n\n<p>El procedimiento se habria producido con personal a cargo de la Departamental de Investigaciones del Trafico de Drogas Il\u00edcitas Y crimen Organizado San Nicol\u00e1s en conjunto con diferentes fuerzas a cargo de la Fiscalia N\u00ba11, donde irrumpieron en diferentes Barrios de la Ciudad, como as\u00ed tambi\u00e9n se realiz\u00f3 en forma simult\u00e1nea el despliegue de personal a la Localidad de Mor\u00f3n y Villa Tesey .<\/p>\n\n\n\n<p> En ese momento se obtuvieron seis \u00f3rdenes de allanamiento y ocho \u00f3rdenes de detenciones para con los integrantes de la banda delictiva. Se secuestr\u00f3 gran cantidad de dinero en efectivo, celulares, armas de fuego, comprobantes bancarios y gran cantidad de lotes compactos de marihuana y trozos de coca\u00edna.<\/p>\n\n\n\n<p><strong>Detenciones y secuestro:<\/strong><\/p>\n\n\n\n<p>Vivienda ubicada en Barrio Fonavi Monoblock N\u00ba 2, de la Ciudadana YAMILA OLIVEROS, (40) Secuestr\u00e1ndose en su poder Marihuana fraccionada para la venta, recortes, tel\u00e9fonos celulares y gran cantidad de dinero en efectivo por la suma de $36.000,<\/p>\n\n\n\n<p>En el domicilio de calle Larralde al 900 se procedi\u00f3 al Secuestro de balanza, comprobantes de dep\u00f3sitos Bancarios a nombre de Benencio Maria Rosa y la suma de dinero en efectivo por un total de $42.000.<\/p>\n\n\n\n<p>En el domicilio de calle Miguel Porta al 2500 se procedi\u00f3 a realizar la detenci\u00f3n de WALTER NOHUET (32) quien pose\u00eda el beneficio del Arresto Domiciliario y su pareja YAMILA JORRATT (26), Secuestr\u00e1ndose armas de fuego de tipo revolver y armas de fabricaci\u00f3n casera (Tumbera), con su cartucher\u00eda, tel\u00e9fonos celulares y recortes.<\/p>\n\n\n\n<p>En Calle Balcarce al 1500 se procedi\u00f3 a detener a KAREN NOHUET (26), Secuestrando del domicilio Marihuana fraccionada para la venta, tel\u00e9fonos celulares , recortes y Dinero en efectivo.<\/p>\n\n\n\n<p>En la localidad de Villa Tesey en el domicilio de calle Juan Jufre al 350 se secuestro Marihuana Fraccionada y Balanza de Precisi\u00f3n,<\/p>\n\n\n\n<p>En el domicilio de calle Tomas Guido al N\u00ba 850 de la Localidad de Mor\u00f3n, se procedi\u00f3 a detener a AGOSTINA NOHUET (26) , BENENCIO MARIA ROSA alias \u201cLA REINA\u201d(54) y NATALIA MORAN (32). Oriunda de la Localidad de San Pedro y encargada de Trasladar la Sustancia Prohibida desde Mor\u00f3n hacia San Pedro, secuestrando lotes compactos de Marihuana los cuales equivalen a 1.403 dosis, Trozos de Coca\u00edna, equivalentes a 7.800 dosis umbral, Troqueles de LCD, telefon\u00eda celular, anotaciones, aceite de canavis, dinero en efectivo, balanza de precisi\u00f3n y Recortes.<\/p>\n\n\n\n<ul class=\"wp-block-gallery columns-3 is-cropped wp-block-gallery-1 is-layout-flex wp-block-gallery-is-layout-flex\"><li class=\"blocks-gallery-item\"><figure><img decoding=\"async\" width=\"576\" height=\"1024\" data-attachment-id=\"58339\" data-permalink=\"https:\/\/eldiariodesanpedro.com.ar\/sitio\/narco-desbaratan-una-banda-la-abeja-reina-del-narco-menudeo\/whatsapp-image-2019-08-17-at-1-17-55-am\/\" data-orig-file=\"https:\/\/eldiariodesanpedro.com.ar\/sitio\/wp-content\/uploads\/2019\/08\/WhatsApp-Image-2019-08-17-at-1.17.55-AM.jpeg\" data-orig-size=\"720,1280\" data-comments-opened=\"1\" data-image-meta=\"{&quot;aperture&quot;:&quot;0&quot;,&quot;credit&quot;:&quot;&quot;,&quot;camera&quot;:&quot;&quot;,&quot;caption&quot;:&quot;&quot;,&quot;created_timestamp&quot;:&quot;0&quot;,&quot;copyright&quot;:&quot;&quot;,&quot;focal_length&quot;:&quot;0&quot;,&quot;iso&quot;:&quot;0&quot;,&quot;shutter_speed&quot;:&quot;0&quot;,&quot;title&quot;:&quot;&quot;,&quot;orientation&quot;:&quot;0&quot;}\" data-image-title=\"WhatsApp Image 2019-08-17 at 1.17.55 AM\" data-image-description=\"\" data-image-caption=\"\" data-large-file=\"https:\/\/eldiariodesanpedro.com.ar\/sitio\/wp-content\/uploads\/2019\/08\/WhatsApp-Image-2019-08-17-at-1.17.55-AM-576x1024.jpeg\" data-src=\"https:\/\/eldiariodesanpedro.com.ar\/sitio\/wp-content\/uploads\/2019\/08\/WhatsApp-Image-2019-08-17-at-1.17.55-AM-576x1024.jpeg\" alt=\"\" data-id=\"58339\" data-link=\"https:\/\/eldiariodesanpedro.com.ar\/sitio\/narco-desbaratan-una-banda-la-abeja-reina-del-narco-menudeo\/whatsapp-image-2019-08-17-at-1-17-55-am\/\" class=\"wp-image-58339 lazyload\" data-srcset=\"https:\/\/eldiariodesanpedro.com.ar\/sitio\/wp-content\/uploads\/2019\/08\/WhatsApp-Image-2019-08-17-at-1.17.55-AM-576x1024.jpeg 576w, https:\/\/eldiariodesanpedro.com.ar\/sitio\/wp-content\/uploads\/2019\/08\/WhatsApp-Image-2019-08-17-at-1.17.55-AM-169x300.jpeg 169w, https:\/\/eldiariodesanpedro.com.ar\/sitio\/wp-content\/uploads\/2019\/08\/WhatsApp-Image-2019-08-17-at-1.17.55-AM.jpeg 720w\" data-sizes=\"(max-width: 576px) 100vw, 576px\" src=\"data:image\/svg+xml;base64,PHN2ZyB3aWR0aD0iMSIgaGVpZ2h0PSIxIiB4bWxucz0iaHR0cDovL3d3dy53My5vcmcvMjAwMC9zdmciPjwvc3ZnPg==\" style=\"--smush-placeholder-width: 576px; --smush-placeholder-aspect-ratio: 576\/1024;\" \/><\/figure><\/li><li class=\"blocks-gallery-item\"><figure><img decoding=\"async\" width=\"768\" height=\"1024\" data-attachment-id=\"58338\" data-permalink=\"https:\/\/eldiariodesanpedro.com.ar\/sitio\/narco-desbaratan-una-banda-la-abeja-reina-del-narco-menudeo\/whatsapp-image-2019-08-17-at-1-17-54-am\/\" data-orig-file=\"https:\/\/eldiariodesanpedro.com.ar\/sitio\/wp-content\/uploads\/2019\/08\/WhatsApp-Image-2019-08-17-at-1.17.54-AM.jpeg\" data-orig-size=\"774,1032\" data-comments-opened=\"1\" data-image-meta=\"{&quot;aperture&quot;:&quot;0&quot;,&quot;credit&quot;:&quot;&quot;,&quot;camera&quot;:&quot;&quot;,&quot;caption&quot;:&quot;&quot;,&quot;created_timestamp&quot;:&quot;0&quot;,&quot;copyright&quot;:&quot;&quot;,&quot;focal_length&quot;:&quot;0&quot;,&quot;iso&quot;:&quot;0&quot;,&quot;shutter_speed&quot;:&quot;0&quot;,&quot;title&quot;:&quot;&quot;,&quot;orientation&quot;:&quot;0&quot;}\" data-image-title=\"WhatsApp Image 2019-08-17 at 1.17.54 AM\" data-image-description=\"\" data-image-caption=\"\" data-large-file=\"https:\/\/eldiariodesanpedro.com.ar\/sitio\/wp-content\/uploads\/2019\/08\/WhatsApp-Image-2019-08-17-at-1.17.54-AM-768x1024.jpeg\" data-src=\"https:\/\/eldiariodesanpedro.com.ar\/sitio\/wp-content\/uploads\/2019\/08\/WhatsApp-Image-2019-08-17-at-1.17.54-AM-768x1024.jpeg\" alt=\"\" data-id=\"58338\" data-link=\"https:\/\/eldiariodesanpedro.com.ar\/sitio\/narco-desbaratan-una-banda-la-abeja-reina-del-narco-menudeo\/whatsapp-image-2019-08-17-at-1-17-54-am\/\" class=\"wp-image-58338 lazyload\" data-srcset=\"https:\/\/eldiariodesanpedro.com.ar\/sitio\/wp-content\/uploads\/2019\/08\/WhatsApp-Image-2019-08-17-at-1.17.54-AM-768x1024.jpeg 768w, https:\/\/eldiariodesanpedro.com.ar\/sitio\/wp-content\/uploads\/2019\/08\/WhatsApp-Image-2019-08-17-at-1.17.54-AM-225x300.jpeg 225w, https:\/\/eldiariodesanpedro.com.ar\/sitio\/wp-content\/uploads\/2019\/08\/WhatsApp-Image-2019-08-17-at-1.17.54-AM.jpeg 774w\" data-sizes=\"(max-width: 768px) 100vw, 768px\" src=\"data:image\/svg+xml;base64,PHN2ZyB3aWR0aD0iMSIgaGVpZ2h0PSIxIiB4bWxucz0iaHR0cDovL3d3dy53My5vcmcvMjAwMC9zdmciPjwvc3ZnPg==\" style=\"--smush-placeholder-width: 768px; --smush-placeholder-aspect-ratio: 768\/1024;\" \/><\/figure><\/li><li class=\"blocks-gallery-item\"><figure><img decoding=\"async\" width=\"1024\" height=\"768\" data-attachment-id=\"58337\" data-permalink=\"https:\/\/eldiariodesanpedro.com.ar\/sitio\/narco-desbaratan-una-banda-la-abeja-reina-del-narco-menudeo\/whatsapp-image-2019-08-17-at-1-17-54-am-1\/\" data-orig-file=\"https:\/\/eldiariodesanpedro.com.ar\/sitio\/wp-content\/uploads\/2019\/08\/WhatsApp-Image-2019-08-17-at-1.17.54-AM-1.jpeg\" data-orig-size=\"1040,780\" data-comments-opened=\"1\" data-image-meta=\"{&quot;aperture&quot;:&quot;0&quot;,&quot;credit&quot;:&quot;&quot;,&quot;camera&quot;:&quot;&quot;,&quot;caption&quot;:&quot;&quot;,&quot;created_timestamp&quot;:&quot;0&quot;,&quot;copyright&quot;:&quot;&quot;,&quot;focal_length&quot;:&quot;0&quot;,&quot;iso&quot;:&quot;0&quot;,&quot;shutter_speed&quot;:&quot;0&quot;,&quot;title&quot;:&quot;&quot;,&quot;orientation&quot;:&quot;0&quot;}\" data-image-title=\"WhatsApp Image 2019-08-17 at 1.17.54 AM (1)\" data-image-description=\"\" data-image-caption=\"\" data-large-file=\"https:\/\/eldiariodesanpedro.com.ar\/sitio\/wp-content\/uploads\/2019\/08\/WhatsApp-Image-2019-08-17-at-1.17.54-AM-1-1024x768.jpeg\" data-src=\"https:\/\/eldiariodesanpedro.com.ar\/sitio\/wp-content\/uploads\/2019\/08\/WhatsApp-Image-2019-08-17-at-1.17.54-AM-1-1024x768.jpeg\" alt=\"\" data-id=\"58337\" data-link=\"https:\/\/eldiariodesanpedro.com.ar\/sitio\/narco-desbaratan-una-banda-la-abeja-reina-del-narco-menudeo\/whatsapp-image-2019-08-17-at-1-17-54-am-1\/\" class=\"wp-image-58337 lazyload\" data-srcset=\"https:\/\/eldiariodesanpedro.com.ar\/sitio\/wp-content\/uploads\/2019\/08\/WhatsApp-Image-2019-08-17-at-1.17.54-AM-1-1024x768.jpeg 1024w, https:\/\/eldiariodesanpedro.com.ar\/sitio\/wp-content\/uploads\/2019\/08\/WhatsApp-Image-2019-08-17-at-1.17.54-AM-1-300x225.jpeg 300w, https:\/\/eldiariodesanpedro.com.ar\/sitio\/wp-content\/uploads\/2019\/08\/WhatsApp-Image-2019-08-17-at-1.17.54-AM-1-768x576.jpeg 768w, https:\/\/eldiariodesanpedro.com.ar\/sitio\/wp-content\/uploads\/2019\/08\/WhatsApp-Image-2019-08-17-at-1.17.54-AM-1.jpeg 1040w\" data-sizes=\"(max-width: 1024px) 100vw, 1024px\" src=\"data:image\/svg+xml;base64,PHN2ZyB3aWR0aD0iMSIgaGVpZ2h0PSIxIiB4bWxucz0iaHR0cDovL3d3dy53My5vcmcvMjAwMC9zdmciPjwvc3ZnPg==\" style=\"--smush-placeholder-width: 1024px; --smush-placeholder-aspect-ratio: 1024\/768;\" \/><\/figure><\/li><li class=\"blocks-gallery-item\"><figure><img decoding=\"async\" width=\"768\" height=\"1024\" data-attachment-id=\"58336\" data-permalink=\"https:\/\/eldiariodesanpedro.com.ar\/sitio\/narco-desbaratan-una-banda-la-abeja-reina-del-narco-menudeo\/whatsapp-image-2019-08-17-at-1-17-53-am\/\" data-orig-file=\"https:\/\/eldiariodesanpedro.com.ar\/sitio\/wp-content\/uploads\/2019\/08\/WhatsApp-Image-2019-08-17-at-1.17.53-AM.jpeg\" data-orig-size=\"780,1040\" data-comments-opened=\"1\" data-image-meta=\"{&quot;aperture&quot;:&quot;0&quot;,&quot;credit&quot;:&quot;&quot;,&quot;camera&quot;:&quot;&quot;,&quot;caption&quot;:&quot;&quot;,&quot;created_timestamp&quot;:&quot;0&quot;,&quot;copyright&quot;:&quot;&quot;,&quot;focal_length&quot;:&quot;0&quot;,&quot;iso&quot;:&quot;0&quot;,&quot;shutter_speed&quot;:&quot;0&quot;,&quot;title&quot;:&quot;&quot;,&quot;orientation&quot;:&quot;0&quot;}\" data-image-title=\"WhatsApp Image 2019-08-17 at 1.17.53 AM\" data-image-description=\"\" data-image-caption=\"\" data-large-file=\"https:\/\/eldiariodesanpedro.com.ar\/sitio\/wp-content\/uploads\/2019\/08\/WhatsApp-Image-2019-08-17-at-1.17.53-AM-768x1024.jpeg\" data-src=\"https:\/\/eldiariodesanpedro.com.ar\/sitio\/wp-content\/uploads\/2019\/08\/WhatsApp-Image-2019-08-17-at-1.17.53-AM-768x1024.jpeg\" alt=\"\" data-id=\"58336\" data-link=\"https:\/\/eldiariodesanpedro.com.ar\/sitio\/narco-desbaratan-una-banda-la-abeja-reina-del-narco-menudeo\/whatsapp-image-2019-08-17-at-1-17-53-am\/\" class=\"wp-image-58336 lazyload\" data-srcset=\"https:\/\/eldiariodesanpedro.com.ar\/sitio\/wp-content\/uploads\/2019\/08\/WhatsApp-Image-2019-08-17-at-1.17.53-AM-768x1024.jpeg 768w, https:\/\/eldiariodesanpedro.com.ar\/sitio\/wp-content\/uploads\/2019\/08\/WhatsApp-Image-2019-08-17-at-1.17.53-AM-225x300.jpeg 225w, https:\/\/eldiariodesanpedro.com.ar\/sitio\/wp-content\/uploads\/2019\/08\/WhatsApp-Image-2019-08-17-at-1.17.53-AM.jpeg 780w\" data-sizes=\"(max-width: 768px) 100vw, 768px\" src=\"data:image\/svg+xml;base64,PHN2ZyB3aWR0aD0iMSIgaGVpZ2h0PSIxIiB4bWxucz0iaHR0cDovL3d3dy53My5vcmcvMjAwMC9zdmciPjwvc3ZnPg==\" style=\"--smush-placeholder-width: 768px; --smush-placeholder-aspect-ratio: 768\/1024;\" \/><\/figure><\/li><li class=\"blocks-gallery-item\"><figure><img decoding=\"async\" width=\"768\" height=\"1024\" data-attachment-id=\"58335\" data-permalink=\"https:\/\/eldiariodesanpedro.com.ar\/sitio\/narco-desbaratan-una-banda-la-abeja-reina-del-narco-menudeo\/whatsapp-image-2019-08-17-at-1-17-52-am\/\" data-orig-file=\"https:\/\/eldiariodesanpedro.com.ar\/sitio\/wp-content\/uploads\/2019\/08\/WhatsApp-Image-2019-08-17-at-1.17.52-AM.jpeg\" data-orig-size=\"780,1040\" data-comments-opened=\"1\" data-image-meta=\"{&quot;aperture&quot;:&quot;0&quot;,&quot;credit&quot;:&quot;&quot;,&quot;camera&quot;:&quot;&quot;,&quot;caption&quot;:&quot;&quot;,&quot;created_timestamp&quot;:&quot;0&quot;,&quot;copyright&quot;:&quot;&quot;,&quot;focal_length&quot;:&quot;0&quot;,&quot;iso&quot;:&quot;0&quot;,&quot;shutter_speed&quot;:&quot;0&quot;,&quot;title&quot;:&quot;&quot;,&quot;orientation&quot;:&quot;0&quot;}\" data-image-title=\"WhatsApp Image 2019-08-17 at 1.17.52 AM\" data-image-description=\"\" data-image-caption=\"\" data-large-file=\"https:\/\/eldiariodesanpedro.com.ar\/sitio\/wp-content\/uploads\/2019\/08\/WhatsApp-Image-2019-08-17-at-1.17.52-AM-768x1024.jpeg\" data-src=\"https:\/\/eldiariodesanpedro.com.ar\/sitio\/wp-content\/uploads\/2019\/08\/WhatsApp-Image-2019-08-17-at-1.17.52-AM-768x1024.jpeg\" alt=\"\" data-id=\"58335\" data-link=\"https:\/\/eldiariodesanpedro.com.ar\/sitio\/narco-desbaratan-una-banda-la-abeja-reina-del-narco-menudeo\/whatsapp-image-2019-08-17-at-1-17-52-am\/\" class=\"wp-image-58335 lazyload\" data-srcset=\"https:\/\/eldiariodesanpedro.com.ar\/sitio\/wp-content\/uploads\/2019\/08\/WhatsApp-Image-2019-08-17-at-1.17.52-AM-768x1024.jpeg 768w, https:\/\/eldiariodesanpedro.com.ar\/sitio\/wp-content\/uploads\/2019\/08\/WhatsApp-Image-2019-08-17-at-1.17.52-AM-225x300.jpeg 225w, https:\/\/eldiariodesanpedro.com.ar\/sitio\/wp-content\/uploads\/2019\/08\/WhatsApp-Image-2019-08-17-at-1.17.52-AM.jpeg 780w\" data-sizes=\"(max-width: 768px) 100vw, 768px\" src=\"data:image\/svg+xml;base64,PHN2ZyB3aWR0aD0iMSIgaGVpZ2h0PSIxIiB4bWxucz0iaHR0cDovL3d3dy53My5vcmcvMjAwMC9zdmciPjwvc3ZnPg==\" style=\"--smush-placeholder-width: 768px; --smush-placeholder-aspect-ratio: 768\/1024;\" \/><\/figure><\/li><li class=\"blocks-gallery-item\"><figure><img decoding=\"async\" width=\"1024\" height=\"768\" data-attachment-id=\"58334\" data-permalink=\"https:\/\/eldiariodesanpedro.com.ar\/sitio\/narco-desbaratan-una-banda-la-abeja-reina-del-narco-menudeo\/whatsapp-image-2019-08-17-at-1-17-51-am\/\" data-orig-file=\"https:\/\/eldiariodesanpedro.com.ar\/sitio\/wp-content\/uploads\/2019\/08\/WhatsApp-Image-2019-08-17-at-1.17.51-AM.jpeg\" data-orig-size=\"1040,780\" data-comments-opened=\"1\" data-image-meta=\"{&quot;aperture&quot;:&quot;0&quot;,&quot;credit&quot;:&quot;&quot;,&quot;camera&quot;:&quot;&quot;,&quot;caption&quot;:&quot;&quot;,&quot;created_timestamp&quot;:&quot;0&quot;,&quot;copyright&quot;:&quot;&quot;,&quot;focal_length&quot;:&quot;0&quot;,&quot;iso&quot;:&quot;0&quot;,&quot;shutter_speed&quot;:&quot;0&quot;,&quot;title&quot;:&quot;&quot;,&quot;orientation&quot;:&quot;0&quot;}\" data-image-title=\"WhatsApp Image 2019-08-17 at 1.17.51 AM\" data-image-description=\"\" data-image-caption=\"\" data-large-file=\"https:\/\/eldiariodesanpedro.com.ar\/sitio\/wp-content\/uploads\/2019\/08\/WhatsApp-Image-2019-08-17-at-1.17.51-AM-1024x768.jpeg\" data-src=\"https:\/\/eldiariodesanpedro.com.ar\/sitio\/wp-content\/uploads\/2019\/08\/WhatsApp-Image-2019-08-17-at-1.17.51-AM-1024x768.jpeg\" alt=\"\" data-id=\"58334\" data-link=\"https:\/\/eldiariodesanpedro.com.ar\/sitio\/narco-desbaratan-una-banda-la-abeja-reina-del-narco-menudeo\/whatsapp-image-2019-08-17-at-1-17-51-am\/\" class=\"wp-image-58334 lazyload\" data-srcset=\"https:\/\/eldiariodesanpedro.com.ar\/sitio\/wp-content\/uploads\/2019\/08\/WhatsApp-Image-2019-08-17-at-1.17.51-AM-1024x768.jpeg 1024w, https:\/\/eldiariodesanpedro.com.ar\/sitio\/wp-content\/uploads\/2019\/08\/WhatsApp-Image-2019-08-17-at-1.17.51-AM-300x225.jpeg 300w, https:\/\/eldiariodesanpedro.com.ar\/sitio\/wp-content\/uploads\/2019\/08\/WhatsApp-Image-2019-08-17-at-1.17.51-AM-768x576.jpeg 768w, https:\/\/eldiariodesanpedro.com.ar\/sitio\/wp-content\/uploads\/2019\/08\/WhatsApp-Image-2019-08-17-at-1.17.51-AM.jpeg 1040w\" data-sizes=\"(max-width: 1024px) 100vw, 1024px\" src=\"data:image\/svg+xml;base64,PHN2ZyB3aWR0aD0iMSIgaGVpZ2h0PSIxIiB4bWxucz0iaHR0cDovL3d3dy53My5vcmcvMjAwMC9zdmciPjwvc3ZnPg==\" style=\"--smush-placeholder-width: 1024px; --smush-placeholder-aspect-ratio: 1024\/768;\" \/><\/figure><\/li><li class=\"blocks-gallery-item\"><figure><img decoding=\"async\" width=\"768\" height=\"1024\" data-attachment-id=\"58333\" data-permalink=\"https:\/\/eldiariodesanpedro.com.ar\/sitio\/narco-desbaratan-una-banda-la-abeja-reina-del-narco-menudeo\/whatsapp-image-2019-08-17-at-1-17-51-am-1\/\" data-orig-file=\"https:\/\/eldiariodesanpedro.com.ar\/sitio\/wp-content\/uploads\/2019\/08\/WhatsApp-Image-2019-08-17-at-1.17.51-AM-1.jpeg\" data-orig-size=\"780,1040\" data-comments-opened=\"1\" data-image-meta=\"{&quot;aperture&quot;:&quot;0&quot;,&quot;credit&quot;:&quot;&quot;,&quot;camera&quot;:&quot;&quot;,&quot;caption&quot;:&quot;&quot;,&quot;created_timestamp&quot;:&quot;0&quot;,&quot;copyright&quot;:&quot;&quot;,&quot;focal_length&quot;:&quot;0&quot;,&quot;iso&quot;:&quot;0&quot;,&quot;shutter_speed&quot;:&quot;0&quot;,&quot;title&quot;:&quot;&quot;,&quot;orientation&quot;:&quot;0&quot;}\" data-image-title=\"WhatsApp Image 2019-08-17 at 1.17.51 AM (1)\" data-image-description=\"\" data-image-caption=\"\" data-large-file=\"https:\/\/eldiariodesanpedro.com.ar\/sitio\/wp-content\/uploads\/2019\/08\/WhatsApp-Image-2019-08-17-at-1.17.51-AM-1-768x1024.jpeg\" data-src=\"https:\/\/eldiariodesanpedro.com.ar\/sitio\/wp-content\/uploads\/2019\/08\/WhatsApp-Image-2019-08-17-at-1.17.51-AM-1-768x1024.jpeg\" alt=\"\" data-id=\"58333\" data-link=\"https:\/\/eldiariodesanpedro.com.ar\/sitio\/narco-desbaratan-una-banda-la-abeja-reina-del-narco-menudeo\/whatsapp-image-2019-08-17-at-1-17-51-am-1\/\" class=\"wp-image-58333 lazyload\" data-srcset=\"https:\/\/eldiariodesanpedro.com.ar\/sitio\/wp-content\/uploads\/2019\/08\/WhatsApp-Image-2019-08-17-at-1.17.51-AM-1-768x1024.jpeg 768w, https:\/\/eldiariodesanpedro.com.ar\/sitio\/wp-content\/uploads\/2019\/08\/WhatsApp-Image-2019-08-17-at-1.17.51-AM-1-225x300.jpeg 225w, https:\/\/eldiariodesanpedro.com.ar\/sitio\/wp-content\/uploads\/2019\/08\/WhatsApp-Image-2019-08-17-at-1.17.51-AM-1.jpeg 780w\" data-sizes=\"(max-width: 768px) 100vw, 768px\" src=\"data:image\/svg+xml;base64,PHN2ZyB3aWR0aD0iMSIgaGVpZ2h0PSIxIiB4bWxucz0iaHR0cDovL3d3dy53My5vcmcvMjAwMC9zdmciPjwvc3ZnPg==\" style=\"--smush-placeholder-width: 768px; --smush-placeholder-aspect-ratio: 768\/1024;\" \/><\/figure><\/li><li class=\"blocks-gallery-item\"><figure><img decoding=\"async\" width=\"720\" height=\"676\" data-attachment-id=\"58332\" data-permalink=\"https:\/\/eldiariodesanpedro.com.ar\/sitio\/narco-desbaratan-una-banda-la-abeja-reina-del-narco-menudeo\/whatsapp-image-2019-08-17-at-1-17-50-am\/\" data-orig-file=\"https:\/\/eldiariodesanpedro.com.ar\/sitio\/wp-content\/uploads\/2019\/08\/WhatsApp-Image-2019-08-17-at-1.17.50-AM.jpeg\" data-orig-size=\"720,676\" data-comments-opened=\"1\" data-image-meta=\"{&quot;aperture&quot;:&quot;0&quot;,&quot;credit&quot;:&quot;&quot;,&quot;camera&quot;:&quot;&quot;,&quot;caption&quot;:&quot;&quot;,&quot;created_timestamp&quot;:&quot;0&quot;,&quot;copyright&quot;:&quot;&quot;,&quot;focal_length&quot;:&quot;0&quot;,&quot;iso&quot;:&quot;0&quot;,&quot;shutter_speed&quot;:&quot;0&quot;,&quot;title&quot;:&quot;&quot;,&quot;orientation&quot;:&quot;0&quot;}\" data-image-title=\"WhatsApp Image 2019-08-17 at 1.17.50 AM\" data-image-description=\"\" data-image-caption=\"\" data-large-file=\"https:\/\/eldiariodesanpedro.com.ar\/sitio\/wp-content\/uploads\/2019\/08\/WhatsApp-Image-2019-08-17-at-1.17.50-AM.jpeg\" data-src=\"https:\/\/eldiariodesanpedro.com.ar\/sitio\/wp-content\/uploads\/2019\/08\/WhatsApp-Image-2019-08-17-at-1.17.50-AM.jpeg\" alt=\"\" data-id=\"58332\" data-link=\"https:\/\/eldiariodesanpedro.com.ar\/sitio\/narco-desbaratan-una-banda-la-abeja-reina-del-narco-menudeo\/whatsapp-image-2019-08-17-at-1-17-50-am\/\" class=\"wp-image-58332 lazyload\" data-srcset=\"https:\/\/eldiariodesanpedro.com.ar\/sitio\/wp-content\/uploads\/2019\/08\/WhatsApp-Image-2019-08-17-at-1.17.50-AM.jpeg 720w, https:\/\/eldiariodesanpedro.com.ar\/sitio\/wp-content\/uploads\/2019\/08\/WhatsApp-Image-2019-08-17-at-1.17.50-AM-300x282.jpeg 300w\" data-sizes=\"(max-width: 720px) 100vw, 720px\" src=\"data:image\/svg+xml;base64,PHN2ZyB3aWR0aD0iMSIgaGVpZ2h0PSIxIiB4bWxucz0iaHR0cDovL3d3dy53My5vcmcvMjAwMC9zdmciPjwvc3ZnPg==\" style=\"--smush-placeholder-width: 720px; --smush-placeholder-aspect-ratio: 720\/676;\" \/><\/figure><\/li><\/ul>\n\n\n\n<p><br><\/p>\n","protected":false},"excerpt":{"rendered":"<p>Nouet, de 44 a\u00f1os de edad, acusado de ser parte de una banda que fue desbaratada en nuestra ciudad, se encontraba pr\u00f3fugo de la justicia desde aquel operativo en el mes de agosto donde fueron aprehendidas 8 personas. La banda narco se trataba de una familia que compraba coca\u00edna en el conurbano y la repart\u00eda [&hellip;]<\/p>\n","protected":false},"author":4,"featured_media":59679,"comment_status":"open","ping_status":"closed","sticky":false,"template":"","format":"standard","meta":{"om_disable_all_campaigns":false,"_jetpack_memberships_contains_paid_content":false,"footnotes":""},"categories":[50,2,103],"tags":[],"class_list":["post-59678","post","type-post","status-publish","format-standard","has-post-thumbnail","hentry","category-destacadas","category-locales","category-policiales-locales"],"aioseo_notices":[],"gutentor_comment":0,"jetpack_featured_media_url":"https:\/\/eldiariodesanpedro.com.ar\/sitio\/wp-content\/uploads\/2019\/09\/IMG-20190909-WA0017.jpg","jetpack_shortlink":"https:\/\/wp.me\/p6RhLt-fwy","jetpack_sharing_enabled":true,"_links":{"self":[{"href":"https:\/\/eldiariodesanpedro.com.ar\/sitio\/wp-json\/wp\/v2\/posts\/59678","targetHints":{"allow":["GET"]}}],"collection":[{"href":"https:\/\/eldiariodesanpedro.com.ar\/sitio\/wp-json\/wp\/v2\/posts"}],"about":[{"href":"https:\/\/eldiariodesanpedro.com.ar\/sitio\/wp-json\/wp\/v2\/types\/post"}],"author":[{"embeddable":true,"href":"https:\/\/eldiariodesanpedro.com.ar\/sitio\/wp-json\/wp\/v2\/users\/4"}],"replies":[{"embeddable":true,"href":"https:\/\/eldiariodesanpedro.com.ar\/sitio\/wp-json\/wp\/v2\/comments?post=59678"}],"version-history":[{"count":1,"href":"https:\/\/eldiariodesanpedro.com.ar\/sitio\/wp-json\/wp\/v2\/posts\/59678\/revisions"}],"predecessor-version":[{"id":59682,"href":"https:\/\/eldiariodesanpedro.com.ar\/sitio\/wp-json\/wp\/v2\/posts\/59678\/revisions\/59682"}],"wp:featuredmedia":[{"embeddable":true,"href":"https:\/\/eldiariodesanpedro.com.ar\/sitio\/wp-json\/wp\/v2\/media\/59679"}],"wp:attachment":[{"href":"https:\/\/eldiariodesanpedro.com.ar\/sitio\/wp-json\/wp\/v2\/media?parent=59678"}],"wp:term":[{"taxonomy":"category","embeddable":true,"href":"https:\/\/eldiariodesanpedro.com.ar\/sitio\/wp-json\/wp\/v2\/categories?post=59678"},{"taxonomy":"post_tag","embeddable":true,"href":"https:\/\/eldiariodesanpedro.com.ar\/sitio\/wp-json\/wp\/v2\/tags?post=59678"}],"curies":[{"name":"wp","href":"https:\/\/api.w.org\/{rel}","templated":true}]}}