{"id":59663,"date":"2019-09-09T11:14:50","date_gmt":"2019-09-09T14:14:50","guid":{"rendered":"https:\/\/eldiariodesanpedro.com.ar\/sitio\/?p=59663"},"modified":"2019-09-09T11:14:54","modified_gmt":"2019-09-09T14:14:54","slug":"convocatoria-en-la-plaza-belgrano-por-el-cumpleanos-de-vidal","status":"publish","type":"post","link":"https:\/\/eldiariodesanpedro.com.ar\/sitio\/convocatoria-en-la-plaza-belgrano-por-el-cumpleanos-de-vidal\/","title":{"rendered":"Convocatoria en la Plaza Belgrano por el cumplea\u00f1os de Vidal"},"content":{"rendered":"<!-- VideographyWP Plugin Message: Automatic video embedding prevented by plugin options. -->\n\n<p> La gobernadora de la provincia de Buenos Aires, Mar\u00eda Eugenia Vidal, pasa su cumplea\u00f1os n\u00famero 46 de una manera muy particular. Luego de haber celebrado con su familia y haber recibido el saludo v\u00eda redes sociales de muchos dirigentes de su espacio, se dirigi\u00f3 a Mor\u00f3n para saludar a los miles de manifestantes que se acercaron a la zona neur\u00e1lgica de ese distrito para brindarle su apoyo.  Desde San Pedro tambi\u00e9n hubo convocatoria en la Plaza Belgrano.<\/p>\n\n\n\n<p> Vidal atraviesa en la actualidad uno de sus momentos pol\u00edticos m\u00e1s complicados. Si bien las encuestas la colocan como una de las dirigentes con mayor aprobaci\u00f3n, en las Primarias Abiertas Simult\u00e1neas y Obligatorias (PASO) fue derrotada por 18 puntos por Axel Kicillof. La crisis econ\u00f3mica y social que vive el pa\u00eds la coloc\u00f3 en un jaque.<\/p>\n\n\n\n<p>Desde su lugar y en cada lugarcito de la provincia seguidores se reunieron para darle su apoyo manifest\u00e1ndose en lugares publico en el d\u00eda de su cumplea\u00f1os.<\/p>\n\n\n\n<p>En nuestra ciudad un grupo de manifestantes se reunieron este domingo a partir de las 17 y 30 horas, en la Plaza Belgrano, convocatoria organizada desde un espacio que lideran los hermanos Diego y Dami\u00e1n Lafalce, y que tiene como referencia nacional a la Ministra de Seguridad, Patricia Bulrich.<\/p>\n\n\n\n<p><br><\/p>\n\n\n\n<ul class=\"wp-block-gallery columns-3 is-cropped wp-block-gallery-1 is-layout-flex wp-block-gallery-is-layout-flex\"><li class=\"blocks-gallery-item\"><figure><img decoding=\"async\" width=\"960\" height=\"540\" data-attachment-id=\"59665\" data-permalink=\"https:\/\/eldiariodesanpedro.com.ar\/sitio\/convocatoria-en-la-plaza-belgrano-por-el-cumpleanos-de-vidal\/69739123_2339768556264474_8876817246068932608_n\/\" data-orig-file=\"https:\/\/eldiariodesanpedro.com.ar\/sitio\/wp-content\/uploads\/2019\/09\/69739123_2339768556264474_8876817246068932608_n.jpg\" data-orig-size=\"960,540\" data-comments-opened=\"1\" data-image-meta=\"{&quot;aperture&quot;:&quot;0&quot;,&quot;credit&quot;:&quot;&quot;,&quot;camera&quot;:&quot;&quot;,&quot;caption&quot;:&quot;&quot;,&quot;created_timestamp&quot;:&quot;0&quot;,&quot;copyright&quot;:&quot;&quot;,&quot;focal_length&quot;:&quot;0&quot;,&quot;iso&quot;:&quot;0&quot;,&quot;shutter_speed&quot;:&quot;0&quot;,&quot;title&quot;:&quot;&quot;,&quot;orientation&quot;:&quot;0&quot;}\" data-image-title=\"69739123_2339768556264474_8876817246068932608_n\" data-image-description=\"\" data-image-caption=\"\" data-large-file=\"https:\/\/eldiariodesanpedro.com.ar\/sitio\/wp-content\/uploads\/2019\/09\/69739123_2339768556264474_8876817246068932608_n.jpg\" data-src=\"https:\/\/eldiariodesanpedro.com.ar\/sitio\/wp-content\/uploads\/2019\/09\/69739123_2339768556264474_8876817246068932608_n.jpg\" alt=\"\" data-id=\"59665\" data-link=\"https:\/\/eldiariodesanpedro.com.ar\/sitio\/?attachment_id=59665\" class=\"wp-image-59665 lazyload\" data-srcset=\"https:\/\/eldiariodesanpedro.com.ar\/sitio\/wp-content\/uploads\/2019\/09\/69739123_2339768556264474_8876817246068932608_n.jpg 960w, https:\/\/eldiariodesanpedro.com.ar\/sitio\/wp-content\/uploads\/2019\/09\/69739123_2339768556264474_8876817246068932608_n-300x169.jpg 300w, https:\/\/eldiariodesanpedro.com.ar\/sitio\/wp-content\/uploads\/2019\/09\/69739123_2339768556264474_8876817246068932608_n-768x432.jpg 768w\" data-sizes=\"(max-width: 960px) 100vw, 960px\" src=\"data:image\/svg+xml;base64,PHN2ZyB3aWR0aD0iMSIgaGVpZ2h0PSIxIiB4bWxucz0iaHR0cDovL3d3dy53My5vcmcvMjAwMC9zdmciPjwvc3ZnPg==\" style=\"--smush-placeholder-width: 960px; --smush-placeholder-aspect-ratio: 960\/540;\" \/><\/figure><\/li><li class=\"blocks-gallery-item\"><figure><img decoding=\"async\" width=\"960\" height=\"720\" data-attachment-id=\"59666\" data-permalink=\"https:\/\/eldiariodesanpedro.com.ar\/sitio\/convocatoria-en-la-plaza-belgrano-por-el-cumpleanos-de-vidal\/69817091_2339768732931123_6200827547194753024_n\/\" data-orig-file=\"https:\/\/eldiariodesanpedro.com.ar\/sitio\/wp-content\/uploads\/2019\/09\/69817091_2339768732931123_6200827547194753024_n.jpg\" data-orig-size=\"960,720\" data-comments-opened=\"1\" data-image-meta=\"{&quot;aperture&quot;:&quot;0&quot;,&quot;credit&quot;:&quot;&quot;,&quot;camera&quot;:&quot;&quot;,&quot;caption&quot;:&quot;&quot;,&quot;created_timestamp&quot;:&quot;0&quot;,&quot;copyright&quot;:&quot;&quot;,&quot;focal_length&quot;:&quot;0&quot;,&quot;iso&quot;:&quot;0&quot;,&quot;shutter_speed&quot;:&quot;0&quot;,&quot;title&quot;:&quot;&quot;,&quot;orientation&quot;:&quot;0&quot;}\" data-image-title=\"69817091_2339768732931123_6200827547194753024_n\" data-image-description=\"\" data-image-caption=\"\" data-large-file=\"https:\/\/eldiariodesanpedro.com.ar\/sitio\/wp-content\/uploads\/2019\/09\/69817091_2339768732931123_6200827547194753024_n.jpg\" data-src=\"https:\/\/eldiariodesanpedro.com.ar\/sitio\/wp-content\/uploads\/2019\/09\/69817091_2339768732931123_6200827547194753024_n.jpg\" alt=\"\" data-id=\"59666\" data-link=\"https:\/\/eldiariodesanpedro.com.ar\/sitio\/?attachment_id=59666\" class=\"wp-image-59666 lazyload\" data-srcset=\"https:\/\/eldiariodesanpedro.com.ar\/sitio\/wp-content\/uploads\/2019\/09\/69817091_2339768732931123_6200827547194753024_n.jpg 960w, https:\/\/eldiariodesanpedro.com.ar\/sitio\/wp-content\/uploads\/2019\/09\/69817091_2339768732931123_6200827547194753024_n-300x225.jpg 300w, https:\/\/eldiariodesanpedro.com.ar\/sitio\/wp-content\/uploads\/2019\/09\/69817091_2339768732931123_6200827547194753024_n-768x576.jpg 768w\" data-sizes=\"(max-width: 960px) 100vw, 960px\" src=\"data:image\/svg+xml;base64,PHN2ZyB3aWR0aD0iMSIgaGVpZ2h0PSIxIiB4bWxucz0iaHR0cDovL3d3dy53My5vcmcvMjAwMC9zdmciPjwvc3ZnPg==\" style=\"--smush-placeholder-width: 960px; --smush-placeholder-aspect-ratio: 960\/720;\" \/><\/figure><\/li><li class=\"blocks-gallery-item\"><figure><img decoding=\"async\" width=\"960\" height=\"714\" data-attachment-id=\"59667\" data-permalink=\"https:\/\/eldiariodesanpedro.com.ar\/sitio\/convocatoria-en-la-plaza-belgrano-por-el-cumpleanos-de-vidal\/69876784_10217630339962908_6138653918445436928_n\/\" data-orig-file=\"https:\/\/eldiariodesanpedro.com.ar\/sitio\/wp-content\/uploads\/2019\/09\/69876784_10217630339962908_6138653918445436928_n.jpg\" data-orig-size=\"960,714\" data-comments-opened=\"1\" data-image-meta=\"{&quot;aperture&quot;:&quot;0&quot;,&quot;credit&quot;:&quot;&quot;,&quot;camera&quot;:&quot;&quot;,&quot;caption&quot;:&quot;&quot;,&quot;created_timestamp&quot;:&quot;0&quot;,&quot;copyright&quot;:&quot;&quot;,&quot;focal_length&quot;:&quot;0&quot;,&quot;iso&quot;:&quot;0&quot;,&quot;shutter_speed&quot;:&quot;0&quot;,&quot;title&quot;:&quot;&quot;,&quot;orientation&quot;:&quot;0&quot;}\" data-image-title=\"69876784_10217630339962908_6138653918445436928_n\" data-image-description=\"\" data-image-caption=\"\" data-large-file=\"https:\/\/eldiariodesanpedro.com.ar\/sitio\/wp-content\/uploads\/2019\/09\/69876784_10217630339962908_6138653918445436928_n.jpg\" data-src=\"https:\/\/eldiariodesanpedro.com.ar\/sitio\/wp-content\/uploads\/2019\/09\/69876784_10217630339962908_6138653918445436928_n.jpg\" alt=\"\" data-id=\"59667\" data-link=\"https:\/\/eldiariodesanpedro.com.ar\/sitio\/?attachment_id=59667\" class=\"wp-image-59667 lazyload\" data-srcset=\"https:\/\/eldiariodesanpedro.com.ar\/sitio\/wp-content\/uploads\/2019\/09\/69876784_10217630339962908_6138653918445436928_n.jpg 960w, https:\/\/eldiariodesanpedro.com.ar\/sitio\/wp-content\/uploads\/2019\/09\/69876784_10217630339962908_6138653918445436928_n-300x223.jpg 300w, https:\/\/eldiariodesanpedro.com.ar\/sitio\/wp-content\/uploads\/2019\/09\/69876784_10217630339962908_6138653918445436928_n-768x571.jpg 768w\" data-sizes=\"(max-width: 960px) 100vw, 960px\" src=\"data:image\/svg+xml;base64,PHN2ZyB3aWR0aD0iMSIgaGVpZ2h0PSIxIiB4bWxucz0iaHR0cDovL3d3dy53My5vcmcvMjAwMC9zdmciPjwvc3ZnPg==\" style=\"--smush-placeholder-width: 960px; --smush-placeholder-aspect-ratio: 960\/714;\" \/><\/figure><\/li><li class=\"blocks-gallery-item\"><figure><img decoding=\"async\" width=\"1024\" height=\"473\" data-attachment-id=\"59668\" data-permalink=\"https:\/\/eldiariodesanpedro.com.ar\/sitio\/convocatoria-en-la-plaza-belgrano-por-el-cumpleanos-de-vidal\/70624236_2339768826264447_5678328776883175424_o\/\" data-orig-file=\"https:\/\/eldiariodesanpedro.com.ar\/sitio\/wp-content\/uploads\/2019\/09\/70624236_2339768826264447_5678328776883175424_o.jpg\" data-orig-size=\"1152,532\" data-comments-opened=\"1\" data-image-meta=\"{&quot;aperture&quot;:&quot;0&quot;,&quot;credit&quot;:&quot;&quot;,&quot;camera&quot;:&quot;&quot;,&quot;caption&quot;:&quot;&quot;,&quot;created_timestamp&quot;:&quot;0&quot;,&quot;copyright&quot;:&quot;&quot;,&quot;focal_length&quot;:&quot;0&quot;,&quot;iso&quot;:&quot;0&quot;,&quot;shutter_speed&quot;:&quot;0&quot;,&quot;title&quot;:&quot;&quot;,&quot;orientation&quot;:&quot;0&quot;}\" data-image-title=\"70624236_2339768826264447_5678328776883175424_o\" data-image-description=\"\" data-image-caption=\"\" data-large-file=\"https:\/\/eldiariodesanpedro.com.ar\/sitio\/wp-content\/uploads\/2019\/09\/70624236_2339768826264447_5678328776883175424_o-1024x473.jpg\" data-src=\"https:\/\/eldiariodesanpedro.com.ar\/sitio\/wp-content\/uploads\/2019\/09\/70624236_2339768826264447_5678328776883175424_o-1024x473.jpg\" alt=\"\" data-id=\"59668\" data-link=\"https:\/\/eldiariodesanpedro.com.ar\/sitio\/?attachment_id=59668\" class=\"wp-image-59668 lazyload\" data-srcset=\"https:\/\/eldiariodesanpedro.com.ar\/sitio\/wp-content\/uploads\/2019\/09\/70624236_2339768826264447_5678328776883175424_o-1024x473.jpg 1024w, https:\/\/eldiariodesanpedro.com.ar\/sitio\/wp-content\/uploads\/2019\/09\/70624236_2339768826264447_5678328776883175424_o-300x139.jpg 300w, https:\/\/eldiariodesanpedro.com.ar\/sitio\/wp-content\/uploads\/2019\/09\/70624236_2339768826264447_5678328776883175424_o-768x355.jpg 768w, https:\/\/eldiariodesanpedro.com.ar\/sitio\/wp-content\/uploads\/2019\/09\/70624236_2339768826264447_5678328776883175424_o.jpg 1152w\" data-sizes=\"(max-width: 1024px) 100vw, 1024px\" src=\"data:image\/svg+xml;base64,PHN2ZyB3aWR0aD0iMSIgaGVpZ2h0PSIxIiB4bWxucz0iaHR0cDovL3d3dy53My5vcmcvMjAwMC9zdmciPjwvc3ZnPg==\" style=\"--smush-placeholder-width: 1024px; --smush-placeholder-aspect-ratio: 1024\/473;\" \/><\/figure><\/li><\/ul>\n\n\n\n<p><br><\/p>\n","protected":false},"excerpt":{"rendered":"<p>La gobernadora de la provincia de Buenos Aires, Mar\u00eda Eugenia Vidal, pasa su cumplea\u00f1os n\u00famero 46 de una manera muy particular. Luego de haber celebrado con su familia y haber recibido el saludo v\u00eda redes sociales de muchos dirigentes de su espacio, se dirigi\u00f3 a Mor\u00f3n para saludar a los miles de manifestantes que se [&hellip;]<\/p>\n","protected":false},"author":4,"featured_media":59668,"comment_status":"open","ping_status":"closed","sticky":false,"template":"","format":"standard","meta":{"om_disable_all_campaigns":false,"_jetpack_memberships_contains_paid_content":false,"footnotes":""},"categories":[2,102],"tags":[],"class_list":["post-59663","post","type-post","status-publish","format-standard","has-post-thumbnail","hentry","category-locales","category-politica-locales"],"aioseo_notices":[],"gutentor_comment":0,"jetpack_featured_media_url":"https:\/\/eldiariodesanpedro.com.ar\/sitio\/wp-content\/uploads\/2019\/09\/70624236_2339768826264447_5678328776883175424_o.jpg","jetpack_shortlink":"https:\/\/wp.me\/p6RhLt-fwj","jetpack_sharing_enabled":true,"_links":{"self":[{"href":"https:\/\/eldiariodesanpedro.com.ar\/sitio\/wp-json\/wp\/v2\/posts\/59663","targetHints":{"allow":["GET"]}}],"collection":[{"href":"https:\/\/eldiariodesanpedro.com.ar\/sitio\/wp-json\/wp\/v2\/posts"}],"about":[{"href":"https:\/\/eldiariodesanpedro.com.ar\/sitio\/wp-json\/wp\/v2\/types\/post"}],"author":[{"embeddable":true,"href":"https:\/\/eldiariodesanpedro.com.ar\/sitio\/wp-json\/wp\/v2\/users\/4"}],"replies":[{"embeddable":true,"href":"https:\/\/eldiariodesanpedro.com.ar\/sitio\/wp-json\/wp\/v2\/comments?post=59663"}],"version-history":[{"count":1,"href":"https:\/\/eldiariodesanpedro.com.ar\/sitio\/wp-json\/wp\/v2\/posts\/59663\/revisions"}],"predecessor-version":[{"id":59669,"href":"https:\/\/eldiariodesanpedro.com.ar\/sitio\/wp-json\/wp\/v2\/posts\/59663\/revisions\/59669"}],"wp:featuredmedia":[{"embeddable":true,"href":"https:\/\/eldiariodesanpedro.com.ar\/sitio\/wp-json\/wp\/v2\/media\/59668"}],"wp:attachment":[{"href":"https:\/\/eldiariodesanpedro.com.ar\/sitio\/wp-json\/wp\/v2\/media?parent=59663"}],"wp:term":[{"taxonomy":"category","embeddable":true,"href":"https:\/\/eldiariodesanpedro.com.ar\/sitio\/wp-json\/wp\/v2\/categories?post=59663"},{"taxonomy":"post_tag","embeddable":true,"href":"https:\/\/eldiariodesanpedro.com.ar\/sitio\/wp-json\/wp\/v2\/tags?post=59663"}],"curies":[{"name":"wp","href":"https:\/\/api.w.org\/{rel}","templated":true}]}}