{"id":59651,"date":"2019-09-09T10:24:23","date_gmt":"2019-09-09T13:24:23","guid":{"rendered":"https:\/\/eldiariodesanpedro.com.ar\/sitio\/?p=59651"},"modified":"2019-09-09T10:32:18","modified_gmt":"2019-09-09T13:32:18","slug":"san-nicolas-hallan-muerto-a-un-joven-indigente-con-dos-disparos-en-el-craneo","status":"publish","type":"post","link":"https:\/\/eldiariodesanpedro.com.ar\/sitio\/san-nicolas-hallan-muerto-a-un-joven-indigente-con-dos-disparos-en-el-craneo\/","title":{"rendered":"SAN NICOL\u00c1S | Hallan muerto a un joven indigente con dos disparos en el cr\u00e1neo"},"content":{"rendered":"<!-- VideographyWP Plugin Message: Automatic video embedding prevented by plugin options. -->\n\n<p>\n\nUn joven fue encontrado muerto en el Monte La Estaci\u00f3n. La v\u00edctima habr\u00eda fallecido luego de recibir violentos golpes. Vecinos se\u00f1alaron que en la noche del s\u00e1bado hubo una fogata en el lugar de la que participaron varias personas.<\/p>\n\n\n\n<p>En horas de la tarde del domingo, personal policial debi\u00f3 constituirse en el Monte de La Estaci\u00f3n tras el macabro hallazgo de un cuerpo sin vida con golpes en el cr\u00e1neo y en el rostro. Adem\u00e1s, ten\u00eda atada una tira a su cuello y pierna. Fue encontrado entre piezas grandes de hormig\u00f3n.<\/p>\n\n\n\n<p>La v\u00edctima no contaba con documentaci\u00f3n en su poder por lo que llev\u00f3 algunas horas identificarlo fehacientemente. Se trata de Sebasti\u00e1n Andr\u00e9s Alen de 31 a\u00f1os. Un joven que viv\u00eda en situaci\u00f3n de calle y pasaba varias noches al mes en la Casita Don Orione y lavaba autos en la puerta de la ex Cl\u00ednica Alvear.<\/p>\n\n\n\n<p>Tiempo atr\u00e1s hab\u00eda protagonizado un hecho policial, luego de robarle el auto a una mujer que se lo hab\u00eda dejado para lavar como en oportunidades anteriores; en la fuga termin\u00f3 colisionando con otro veh\u00edculo, generando la destrucci\u00f3n total en cercan\u00edas de Rosario.<\/p>\n\n\n\n<p>De acuerdo a declaraciones de vecinos a EL INFORMANTE, en la noche del s\u00e1bado, como en otras ocasiones, un grupo de personas indigentes se juntaron en el monte haciendo una fogata para pasar la noche bebiendo alcohol.<\/p>\n\n\n\n<p>Una de las pistas por las que ir\u00eda la fiscal\u00eda en turno, ser\u00eda que en ese contexto hubo diferencias entre 2 o m\u00e1s personas, y uno de ellos lo habr\u00eda golpeado en el cr\u00e1neo d\u00e1ndole muerte, dej\u00e1ndolo abandonado. No se descartan otras hip\u00f3tesis.<\/p>\n\n\n\n<p>El Homicidio es investigado por la Fiscal\u00eda N\u00b0 6.<\/p>\n\n\n\n<p>22 hs:<br>Se determin\u00f3 luego del examen cadav\u00e9rico de autopsia, que a Sebasti\u00e1n Andr\u00e9s Alen lo ataron y lo ejecutaron de dos disparos en la cabeza.<\/p>\n\n\n\n<p>09:00<br>En las \u00faltimas horas, fueron detenidas por la DDI San nicol\u00e1s, dos personas sospechadas de haber participado en el homicidio de Alen. Se trata de un joven apodado \u00abEl viejo\u00bb y un hombre de unos 60 a\u00f1os. Buscan a un tercer sujeto. <\/p>\n\n\n\n<p>Fuente: Diario El Informante<\/p>\n","protected":false},"excerpt":{"rendered":"<p>Un joven fue encontrado muerto en el Monte La Estaci\u00f3n. La v\u00edctima habr\u00eda fallecido luego de recibir violentos golpes. Vecinos se\u00f1alaron que en la noche del s\u00e1bado hubo una fogata en el lugar de la que participaron varias personas. En horas de la tarde del domingo, personal policial debi\u00f3 constituirse en el Monte de La [&hellip;]<\/p>\n","protected":false},"author":4,"featured_media":59652,"comment_status":"open","ping_status":"closed","sticky":false,"template":"","format":"standard","meta":{"om_disable_all_campaigns":false,"_jetpack_memberships_contains_paid_content":false,"footnotes":""},"categories":[50,621],"tags":[],"class_list":["post-59651","post","type-post","status-publish","format-standard","has-post-thumbnail","hentry","category-destacadas","category-regionales"],"aioseo_notices":[],"gutentor_comment":0,"jetpack_featured_media_url":"https:\/\/eldiariodesanpedro.com.ar\/sitio\/wp-content\/uploads\/2019\/09\/conmarca21995.jpg","jetpack_shortlink":"https:\/\/wp.me\/p6RhLt-fw7","jetpack_sharing_enabled":true,"_links":{"self":[{"href":"https:\/\/eldiariodesanpedro.com.ar\/sitio\/wp-json\/wp\/v2\/posts\/59651","targetHints":{"allow":["GET"]}}],"collection":[{"href":"https:\/\/eldiariodesanpedro.com.ar\/sitio\/wp-json\/wp\/v2\/posts"}],"about":[{"href":"https:\/\/eldiariodesanpedro.com.ar\/sitio\/wp-json\/wp\/v2\/types\/post"}],"author":[{"embeddable":true,"href":"https:\/\/eldiariodesanpedro.com.ar\/sitio\/wp-json\/wp\/v2\/users\/4"}],"replies":[{"embeddable":true,"href":"https:\/\/eldiariodesanpedro.com.ar\/sitio\/wp-json\/wp\/v2\/comments?post=59651"}],"version-history":[{"count":1,"href":"https:\/\/eldiariodesanpedro.com.ar\/sitio\/wp-json\/wp\/v2\/posts\/59651\/revisions"}],"predecessor-version":[{"id":59653,"href":"https:\/\/eldiariodesanpedro.com.ar\/sitio\/wp-json\/wp\/v2\/posts\/59651\/revisions\/59653"}],"wp:featuredmedia":[{"embeddable":true,"href":"https:\/\/eldiariodesanpedro.com.ar\/sitio\/wp-json\/wp\/v2\/media\/59652"}],"wp:attachment":[{"href":"https:\/\/eldiariodesanpedro.com.ar\/sitio\/wp-json\/wp\/v2\/media?parent=59651"}],"wp:term":[{"taxonomy":"category","embeddable":true,"href":"https:\/\/eldiariodesanpedro.com.ar\/sitio\/wp-json\/wp\/v2\/categories?post=59651"},{"taxonomy":"post_tag","embeddable":true,"href":"https:\/\/eldiariodesanpedro.com.ar\/sitio\/wp-json\/wp\/v2\/tags?post=59651"}],"curies":[{"name":"wp","href":"https:\/\/api.w.org\/{rel}","templated":true}]}}