{"id":59648,"date":"2019-09-09T10:20:06","date_gmt":"2019-09-09T13:20:06","guid":{"rendered":"https:\/\/eldiariodesanpedro.com.ar\/sitio\/?p=59648"},"modified":"2019-09-09T10:20:10","modified_gmt":"2019-09-09T13:20:10","slug":"san-nicolas-le-robo-el-arma-a-un-policia-y-la-vendio-en-el-mismo-barrio","status":"publish","type":"post","link":"https:\/\/eldiariodesanpedro.com.ar\/sitio\/san-nicolas-le-robo-el-arma-a-un-policia-y-la-vendio-en-el-mismo-barrio\/","title":{"rendered":"SAN NICOL\u00c1S | Le rob\u00f3 el arma a un polic\u00eda y la vendi\u00f3 en el mismo barrio"},"content":{"rendered":"<!-- VideographyWP Plugin Message: Automatic video embedding prevented by plugin options. -->\n\n<p>\n\nEl hecho ocurri\u00f3 en barrio Villa Esperanza de nuestra ciudad. Un numerario del Comando Patrulla de la Departamental de Pilar se encontraba de vacaciones en la casa de su padre y fue v\u00edctima de hurto.<\/p>\n\n\n\n<p>Un sujeto le sustrajo su arma reglamentaria, una Browning 9 mil\u00edmetros que llevaba en su bolso.<\/p>\n\n\n\n<p>Tras realizar la denuncia, la fiscal\u00eda en turno inici\u00f3 las investigaciones correspondientes logrando establecer la autor\u00eda del hecho por parte de Juan Gabriel Dom\u00ednguez de 24 a\u00f1os domiciliado en Villa Esperanza.<\/p>\n\n\n\n<p>El sujeto fue aprehendido en su vivienda y se constat\u00f3 que el arma hab\u00eda sido vendida a otro vecino, un hombre de 43 a\u00f1os de apellido Valenzuela.<\/p>\n\n\n\n<p>Se orden\u00f3 un allanamiento y se logr\u00f3 el secuestro de la pistola robada; 11 municiones del mismo calibre y un rev\u00f3lver calibre 38. El propietario de la casa fue aprehendido por Encubrimiento y Tenencia de Arma de Guerra. <\/p>\n\n\n\n<p>Fuente: Diario El Informante<\/p>\n","protected":false},"excerpt":{"rendered":"<p>El hecho ocurri\u00f3 en barrio Villa Esperanza de nuestra ciudad. Un numerario del Comando Patrulla de la Departamental de Pilar se encontraba de vacaciones en la casa de su padre y fue v\u00edctima de hurto. Un sujeto le sustrajo su arma reglamentaria, una Browning 9 mil\u00edmetros que llevaba en su bolso. Tras realizar la denuncia, [&hellip;]<\/p>\n","protected":false},"author":4,"featured_media":59649,"comment_status":"open","ping_status":"closed","sticky":false,"template":"","format":"standard","meta":{"om_disable_all_campaigns":false,"_jetpack_memberships_contains_paid_content":false,"footnotes":""},"categories":[621],"tags":[],"class_list":["post-59648","post","type-post","status-publish","format-standard","has-post-thumbnail","hentry","category-regionales"],"aioseo_notices":[],"gutentor_comment":0,"jetpack_featured_media_url":"https:\/\/eldiariodesanpedro.com.ar\/sitio\/wp-content\/uploads\/2019\/09\/conmarca22004.jpg","jetpack_shortlink":"https:\/\/wp.me\/p6RhLt-fw4","jetpack_sharing_enabled":true,"_links":{"self":[{"href":"https:\/\/eldiariodesanpedro.com.ar\/sitio\/wp-json\/wp\/v2\/posts\/59648","targetHints":{"allow":["GET"]}}],"collection":[{"href":"https:\/\/eldiariodesanpedro.com.ar\/sitio\/wp-json\/wp\/v2\/posts"}],"about":[{"href":"https:\/\/eldiariodesanpedro.com.ar\/sitio\/wp-json\/wp\/v2\/types\/post"}],"author":[{"embeddable":true,"href":"https:\/\/eldiariodesanpedro.com.ar\/sitio\/wp-json\/wp\/v2\/users\/4"}],"replies":[{"embeddable":true,"href":"https:\/\/eldiariodesanpedro.com.ar\/sitio\/wp-json\/wp\/v2\/comments?post=59648"}],"version-history":[{"count":1,"href":"https:\/\/eldiariodesanpedro.com.ar\/sitio\/wp-json\/wp\/v2\/posts\/59648\/revisions"}],"predecessor-version":[{"id":59650,"href":"https:\/\/eldiariodesanpedro.com.ar\/sitio\/wp-json\/wp\/v2\/posts\/59648\/revisions\/59650"}],"wp:featuredmedia":[{"embeddable":true,"href":"https:\/\/eldiariodesanpedro.com.ar\/sitio\/wp-json\/wp\/v2\/media\/59649"}],"wp:attachment":[{"href":"https:\/\/eldiariodesanpedro.com.ar\/sitio\/wp-json\/wp\/v2\/media?parent=59648"}],"wp:term":[{"taxonomy":"category","embeddable":true,"href":"https:\/\/eldiariodesanpedro.com.ar\/sitio\/wp-json\/wp\/v2\/categories?post=59648"},{"taxonomy":"post_tag","embeddable":true,"href":"https:\/\/eldiariodesanpedro.com.ar\/sitio\/wp-json\/wp\/v2\/tags?post=59648"}],"curies":[{"name":"wp","href":"https:\/\/api.w.org\/{rel}","templated":true}]}}