{"id":59645,"date":"2019-09-09T10:17:44","date_gmt":"2019-09-09T13:17:44","guid":{"rendered":"https:\/\/eldiariodesanpedro.com.ar\/sitio\/?p=59645"},"modified":"2019-09-09T10:17:48","modified_gmt":"2019-09-09T13:17:48","slug":"arrecifes-otra-noche-de-violencia-en-arrecifes","status":"publish","type":"post","link":"https:\/\/eldiariodesanpedro.com.ar\/sitio\/arrecifes-otra-noche-de-violencia-en-arrecifes\/","title":{"rendered":"ARRECIFES | Otra noche de violencia en Arrecifes"},"content":{"rendered":"<!-- VideographyWP Plugin Message: Automatic video embedding prevented by plugin options. -->\n\n<p>Como lamentablemente viene ocurriendo casi todos los fines de semana, las madrugadas en Arrecifes se caracterizan por las peleas y destrozos en las calles, fundamentalmente en el radio c\u00e9ntrico.<\/p>\n\n\n\n<p>Esta vez le toc\u00f3 sufrir da\u00f1os, al menos, a la peluquer\u00eda de Daniela Berg\u00e9s, ubicada en Av. Merlassino entre Escribano Risso y Ram\u00f3n Lorenzo.<\/p>\n\n\n\n<p>Se presume que producto de una pelea, que seg\u00fan testigos se desarroll\u00f3 durante varios minutos y en el trayecto de una cuadra y media de la avenida, rompieron la puerta de blindex de la peluquer\u00eda, pese a contar con una cobertura de plotter microperforado.<\/p>\n\n\n\n<p>Como siempre, los vecinos y comerciantes tienen que terminar haci\u00e9ndose cargo de los gastos del descontrol, perjudicados econ\u00f3micamente.<\/p>\n\n\n\n<p>Fuente: Noticias Arrecifes <\/p>\n","protected":false},"excerpt":{"rendered":"<p>Como lamentablemente viene ocurriendo casi todos los fines de semana, las madrugadas en Arrecifes se caracterizan por las peleas y destrozos en las calles, fundamentalmente en el radio c\u00e9ntrico. Esta vez le toc\u00f3 sufrir da\u00f1os, al menos, a la peluquer\u00eda de Daniela Berg\u00e9s, ubicada en Av. Merlassino entre Escribano Risso y Ram\u00f3n Lorenzo. Se presume [&hellip;]<\/p>\n","protected":false},"author":4,"featured_media":59646,"comment_status":"open","ping_status":"closed","sticky":false,"template":"","format":"standard","meta":{"om_disable_all_campaigns":false,"_jetpack_memberships_contains_paid_content":false,"footnotes":""},"categories":[621],"tags":[],"class_list":["post-59645","post","type-post","status-publish","format-standard","has-post-thumbnail","hentry","category-regionales"],"aioseo_notices":[],"gutentor_comment":0,"jetpack_featured_media_url":"https:\/\/eldiariodesanpedro.com.ar\/sitio\/wp-content\/uploads\/2019\/09\/Peluqueria-Berges-2-697x510.jpg","jetpack_shortlink":"https:\/\/wp.me\/p6RhLt-fw1","jetpack_sharing_enabled":true,"_links":{"self":[{"href":"https:\/\/eldiariodesanpedro.com.ar\/sitio\/wp-json\/wp\/v2\/posts\/59645","targetHints":{"allow":["GET"]}}],"collection":[{"href":"https:\/\/eldiariodesanpedro.com.ar\/sitio\/wp-json\/wp\/v2\/posts"}],"about":[{"href":"https:\/\/eldiariodesanpedro.com.ar\/sitio\/wp-json\/wp\/v2\/types\/post"}],"author":[{"embeddable":true,"href":"https:\/\/eldiariodesanpedro.com.ar\/sitio\/wp-json\/wp\/v2\/users\/4"}],"replies":[{"embeddable":true,"href":"https:\/\/eldiariodesanpedro.com.ar\/sitio\/wp-json\/wp\/v2\/comments?post=59645"}],"version-history":[{"count":1,"href":"https:\/\/eldiariodesanpedro.com.ar\/sitio\/wp-json\/wp\/v2\/posts\/59645\/revisions"}],"predecessor-version":[{"id":59647,"href":"https:\/\/eldiariodesanpedro.com.ar\/sitio\/wp-json\/wp\/v2\/posts\/59645\/revisions\/59647"}],"wp:featuredmedia":[{"embeddable":true,"href":"https:\/\/eldiariodesanpedro.com.ar\/sitio\/wp-json\/wp\/v2\/media\/59646"}],"wp:attachment":[{"href":"https:\/\/eldiariodesanpedro.com.ar\/sitio\/wp-json\/wp\/v2\/media?parent=59645"}],"wp:term":[{"taxonomy":"category","embeddable":true,"href":"https:\/\/eldiariodesanpedro.com.ar\/sitio\/wp-json\/wp\/v2\/categories?post=59645"},{"taxonomy":"post_tag","embeddable":true,"href":"https:\/\/eldiariodesanpedro.com.ar\/sitio\/wp-json\/wp\/v2\/tags?post=59645"}],"curies":[{"name":"wp","href":"https:\/\/api.w.org\/{rel}","templated":true}]}}