{"id":59638,"date":"2019-09-09T10:12:40","date_gmt":"2019-09-09T13:12:40","guid":{"rendered":"https:\/\/eldiariodesanpedro.com.ar\/sitio\/?p=59638"},"modified":"2019-09-09T10:12:44","modified_gmt":"2019-09-09T13:12:44","slug":"campana-vecinos-frustran-otro-intento-de-robo","status":"publish","type":"post","link":"https:\/\/eldiariodesanpedro.com.ar\/sitio\/campana-vecinos-frustran-otro-intento-de-robo\/","title":{"rendered":"CAMPANA | Vecinos frustran otro intento de robo"},"content":{"rendered":"<!-- VideographyWP Plugin Message: Automatic video embedding prevented by plugin options. -->\n\n<p> Fue en una vivienda de Castelli al 900, donde delincuentes intentaban ingresar. Un llamado al 911 moviliz\u00f3 a la Polic\u00eda, pero los ladrones ya no estaban en el lugar. Preocupaci\u00f3n de vecinos por la seguidilla de hechos.<\/p>\n\n\n\n<p>\n\nAlrededor de las 20 horas, vecinos de Castelli al 950 frustraron el ingreso de delincuentes a una vivienda.<\/p>\n\n\n\n<p>Seg\u00fan relataron, un vecino advirti\u00f3 las intenciones de los ladrones, y de inmediato llam\u00f3 al 911. Al lugar arribaron dos m\u00f3viles del CP local, pero debido al movimiento generado, los malvivientes huyeron.<\/p>\n\n\n\n<p>Personal policial revis\u00f3 la vivienda y casas aleda\u00f1as, sin lograr dar con los sospechosos. En una de las viviendas linderas, los delincuentes habr\u00edan dejado herramientas. Tras revisar techos y fondos, la polic\u00eda no pudo hacer lo propio en algunas casas por negativa de sus propietarios.<\/p>\n\n\n\n<p>\u201cDesde hace un tiempo, todos los d\u00edas hay un robo o un intento por la zona. Incluso se dieron casos de dos casas en una misma cuadra, con algunos d\u00edas de diferencia\u201d explic\u00f3 una vecina que pidi\u00f3 no ser mencionada. <\/p>\n\n\n\n<p>Fuente: Campana Noticias<\/p>\n","protected":false},"excerpt":{"rendered":"<p>Fue en una vivienda de Castelli al 900, donde delincuentes intentaban ingresar. Un llamado al 911 moviliz\u00f3 a la Polic\u00eda, pero los ladrones ya no estaban en el lugar. Preocupaci\u00f3n de vecinos por la seguidilla de hechos. Alrededor de las 20 horas, vecinos de Castelli al 950 frustraron el ingreso de delincuentes a una vivienda. [&hellip;]<\/p>\n","protected":false},"author":4,"featured_media":59640,"comment_status":"open","ping_status":"closed","sticky":false,"template":"","format":"standard","meta":{"om_disable_all_campaigns":false,"_jetpack_memberships_contains_paid_content":false,"footnotes":""},"categories":[621],"tags":[],"class_list":["post-59638","post","type-post","status-publish","format-standard","has-post-thumbnail","hentry","category-regionales"],"aioseo_notices":[],"gutentor_comment":0,"jetpack_featured_media_url":"https:\/\/eldiariodesanpedro.com.ar\/sitio\/wp-content\/uploads\/2019\/09\/20190908082807.jpg","jetpack_shortlink":"https:\/\/wp.me\/p6RhLt-fvU","jetpack_sharing_enabled":true,"_links":{"self":[{"href":"https:\/\/eldiariodesanpedro.com.ar\/sitio\/wp-json\/wp\/v2\/posts\/59638","targetHints":{"allow":["GET"]}}],"collection":[{"href":"https:\/\/eldiariodesanpedro.com.ar\/sitio\/wp-json\/wp\/v2\/posts"}],"about":[{"href":"https:\/\/eldiariodesanpedro.com.ar\/sitio\/wp-json\/wp\/v2\/types\/post"}],"author":[{"embeddable":true,"href":"https:\/\/eldiariodesanpedro.com.ar\/sitio\/wp-json\/wp\/v2\/users\/4"}],"replies":[{"embeddable":true,"href":"https:\/\/eldiariodesanpedro.com.ar\/sitio\/wp-json\/wp\/v2\/comments?post=59638"}],"version-history":[{"count":1,"href":"https:\/\/eldiariodesanpedro.com.ar\/sitio\/wp-json\/wp\/v2\/posts\/59638\/revisions"}],"predecessor-version":[{"id":59641,"href":"https:\/\/eldiariodesanpedro.com.ar\/sitio\/wp-json\/wp\/v2\/posts\/59638\/revisions\/59641"}],"wp:featuredmedia":[{"embeddable":true,"href":"https:\/\/eldiariodesanpedro.com.ar\/sitio\/wp-json\/wp\/v2\/media\/59640"}],"wp:attachment":[{"href":"https:\/\/eldiariodesanpedro.com.ar\/sitio\/wp-json\/wp\/v2\/media?parent=59638"}],"wp:term":[{"taxonomy":"category","embeddable":true,"href":"https:\/\/eldiariodesanpedro.com.ar\/sitio\/wp-json\/wp\/v2\/categories?post=59638"},{"taxonomy":"post_tag","embeddable":true,"href":"https:\/\/eldiariodesanpedro.com.ar\/sitio\/wp-json\/wp\/v2\/tags?post=59638"}],"curies":[{"name":"wp","href":"https:\/\/api.w.org\/{rel}","templated":true}]}}