{"id":59632,"date":"2019-09-09T10:06:31","date_gmt":"2019-09-09T13:06:31","guid":{"rendered":"https:\/\/eldiariodesanpedro.com.ar\/sitio\/?p=59632"},"modified":"2019-09-09T10:06:35","modified_gmt":"2019-09-09T13:06:35","slug":"baradero-empezo-la-campana-sucia-vandalismo-con-pintadas-contra-el-local-de-juan-ramos","status":"publish","type":"post","link":"https:\/\/eldiariodesanpedro.com.ar\/sitio\/baradero-empezo-la-campana-sucia-vandalismo-con-pintadas-contra-el-local-de-juan-ramos\/","title":{"rendered":"BARADERO | Empez\u00f3 la campa\u00f1a \u00bfsucia? Vandalismo con pintadas contra el local de Juan Ramos"},"content":{"rendered":"<!-- VideographyWP Plugin Message: Automatic video embedding prevented by plugin options. -->\n\n<p>La pregunta del titular se relaciona directamente con el comienzo de la campa\u00f1a electoral que comenz\u00f3 el \u00faltimo s\u00e1bado y en \u00e9ste marco, ayer en horas de la tarde del domingo el local politico ubicado en el Barrio de la Estaci\u00f3n, ex Nenufar, en  donde el joven dirigente pr\u00f3ximamente lo inaugurar\u00e1 la Agrupaci\u00f3n \u2018400 A\u00f1os\u2019, aparecieron diferentes tipos de consignas negativas. \u00bfAs\u00ed es la campa\u00f1a qu\u00e9 se viene por delante?<\/p>\n\n\n\n<p>En el lugar, a parecieron pintadas sobre las paredes, la puerta y la carteler\u00eda. Al respecto, el propio Ramos, expres\u00f3:<\/p>\n\n\n\n<p>\u201cFuimos victima de un suceso de vandalismo y ataqu\u00e9 a mi persona de la forma m\u00e1s cobarde. Luego de terminar la restauraci\u00f3n de nuestra agrupaci\u00f3n en el viejo Nenufar durante la tarde de hoy, cerca de las 20hs fue atacado por desconocidos que intentan vincularme a casos de corrupci\u00f3n y extorsi\u00f3n. Realmente preocupado por el salvaje y cobarde accionar de cobardes que no dan la cara. No creo en las casualidades y mucho menos en un accionar aislado. Espero que la justicia act\u00fae e investigue este ataque a mi persona de manera urgente\u201d.<\/p>\n\n\n\n<p>Cabe destacar que la denuncia fue radicada a los pocos minutos en la Comisaria de nuestra ciudad.<\/p>\n\n\n\n<p>Fuente: Baradero Hoy<\/p>\n\n\n\n<figure class=\"wp-block-image\"><img decoding=\"async\" width=\"640\" height=\"948\" data-attachment-id=\"59635\" data-permalink=\"https:\/\/eldiariodesanpedro.com.ar\/sitio\/baradero-empezo-la-campana-sucia-vandalismo-con-pintadas-contra-el-local-de-juan-ramos\/whatsapp-image-2019-09-08-at-21-05-49-1\/\" data-orig-file=\"https:\/\/eldiariodesanpedro.com.ar\/sitio\/wp-content\/uploads\/2019\/09\/WhatsApp-Image-2019-09-08-at-21.05.49-1.jpeg\" data-orig-size=\"640,948\" data-comments-opened=\"1\" data-image-meta=\"{&quot;aperture&quot;:&quot;0&quot;,&quot;credit&quot;:&quot;&quot;,&quot;camera&quot;:&quot;&quot;,&quot;caption&quot;:&quot;&quot;,&quot;created_timestamp&quot;:&quot;0&quot;,&quot;copyright&quot;:&quot;&quot;,&quot;focal_length&quot;:&quot;0&quot;,&quot;iso&quot;:&quot;0&quot;,&quot;shutter_speed&quot;:&quot;0&quot;,&quot;title&quot;:&quot;&quot;,&quot;orientation&quot;:&quot;0&quot;}\" data-image-title=\"WhatsApp-Image-2019-09-08-at-21.05.49-1\" data-image-description=\"\" data-image-caption=\"\" data-large-file=\"https:\/\/eldiariodesanpedro.com.ar\/sitio\/wp-content\/uploads\/2019\/09\/WhatsApp-Image-2019-09-08-at-21.05.49-1.jpeg\" data-src=\"https:\/\/eldiariodesanpedro.com.ar\/sitio\/wp-content\/uploads\/2019\/09\/WhatsApp-Image-2019-09-08-at-21.05.49-1.jpeg\" alt=\"\" class=\"wp-image-59635 lazyload\" data-srcset=\"https:\/\/eldiariodesanpedro.com.ar\/sitio\/wp-content\/uploads\/2019\/09\/WhatsApp-Image-2019-09-08-at-21.05.49-1.jpeg 640w, https:\/\/eldiariodesanpedro.com.ar\/sitio\/wp-content\/uploads\/2019\/09\/WhatsApp-Image-2019-09-08-at-21.05.49-1-203x300.jpeg 203w\" data-sizes=\"(max-width: 640px) 100vw, 640px\" src=\"data:image\/svg+xml;base64,PHN2ZyB3aWR0aD0iMSIgaGVpZ2h0PSIxIiB4bWxucz0iaHR0cDovL3d3dy53My5vcmcvMjAwMC9zdmciPjwvc3ZnPg==\" style=\"--smush-placeholder-width: 640px; --smush-placeholder-aspect-ratio: 640\/948;\" \/><\/figure>\n","protected":false},"excerpt":{"rendered":"<p>La pregunta del titular se relaciona directamente con el comienzo de la campa\u00f1a electoral que comenz\u00f3 el \u00faltimo s\u00e1bado y en \u00e9ste marco, ayer en horas de la tarde del domingo el local politico ubicado en el Barrio de la Estaci\u00f3n, ex Nenufar, en donde el joven dirigente pr\u00f3ximamente lo inaugurar\u00e1 la Agrupaci\u00f3n \u2018400 A\u00f1os\u2019, [&hellip;]<\/p>\n","protected":false},"author":4,"featured_media":59634,"comment_status":"open","ping_status":"closed","sticky":false,"template":"","format":"standard","meta":{"om_disable_all_campaigns":false,"_jetpack_memberships_contains_paid_content":false,"footnotes":""},"categories":[621],"tags":[],"class_list":["post-59632","post","type-post","status-publish","format-standard","has-post-thumbnail","hentry","category-regionales"],"aioseo_notices":[],"gutentor_comment":0,"jetpack_featured_media_url":"https:\/\/eldiariodesanpedro.com.ar\/sitio\/wp-content\/uploads\/2019\/09\/WhatsApp-Image-2019-09-08-at-21.05.49.jpeg","jetpack_shortlink":"https:\/\/wp.me\/p6RhLt-fvO","jetpack_sharing_enabled":true,"_links":{"self":[{"href":"https:\/\/eldiariodesanpedro.com.ar\/sitio\/wp-json\/wp\/v2\/posts\/59632","targetHints":{"allow":["GET"]}}],"collection":[{"href":"https:\/\/eldiariodesanpedro.com.ar\/sitio\/wp-json\/wp\/v2\/posts"}],"about":[{"href":"https:\/\/eldiariodesanpedro.com.ar\/sitio\/wp-json\/wp\/v2\/types\/post"}],"author":[{"embeddable":true,"href":"https:\/\/eldiariodesanpedro.com.ar\/sitio\/wp-json\/wp\/v2\/users\/4"}],"replies":[{"embeddable":true,"href":"https:\/\/eldiariodesanpedro.com.ar\/sitio\/wp-json\/wp\/v2\/comments?post=59632"}],"version-history":[{"count":1,"href":"https:\/\/eldiariodesanpedro.com.ar\/sitio\/wp-json\/wp\/v2\/posts\/59632\/revisions"}],"predecessor-version":[{"id":59636,"href":"https:\/\/eldiariodesanpedro.com.ar\/sitio\/wp-json\/wp\/v2\/posts\/59632\/revisions\/59636"}],"wp:featuredmedia":[{"embeddable":true,"href":"https:\/\/eldiariodesanpedro.com.ar\/sitio\/wp-json\/wp\/v2\/media\/59634"}],"wp:attachment":[{"href":"https:\/\/eldiariodesanpedro.com.ar\/sitio\/wp-json\/wp\/v2\/media?parent=59632"}],"wp:term":[{"taxonomy":"category","embeddable":true,"href":"https:\/\/eldiariodesanpedro.com.ar\/sitio\/wp-json\/wp\/v2\/categories?post=59632"},{"taxonomy":"post_tag","embeddable":true,"href":"https:\/\/eldiariodesanpedro.com.ar\/sitio\/wp-json\/wp\/v2\/tags?post=59632"}],"curies":[{"name":"wp","href":"https:\/\/api.w.org\/{rel}","templated":true}]}}