{"id":59629,"date":"2019-09-09T10:04:33","date_gmt":"2019-09-09T13:04:33","guid":{"rendered":"https:\/\/eldiariodesanpedro.com.ar\/sitio\/?p=59629"},"modified":"2019-09-09T10:04:37","modified_gmt":"2019-09-09T13:04:37","slug":"violencia-de-genero-agredio-a-su-pareja-y-fue-aprehendido","status":"publish","type":"post","link":"https:\/\/eldiariodesanpedro.com.ar\/sitio\/violencia-de-genero-agredio-a-su-pareja-y-fue-aprehendido\/","title":{"rendered":"Violencia de Genero: Agredi\u00f3 a su pareja y fue aprehendido"},"content":{"rendered":"<!-- VideographyWP Plugin Message: Automatic video embedding prevented by plugin options. -->\n\n<p>El hecho se produjo en una vivienda de calle Brenan al 1500, el masculino mayor de edad agredi\u00f3 f\u00edsicamente a su pareja femenina. Fue aprehendido tras r\u00e1pido accionar policial.<\/p>\n\n\n\n<p>La alerta se recibi\u00f3 esta madrugada cuando una femenina estaba siendo victima de violencia de genero, su pareja la estaba agrediendo f\u00edsicamente.<\/p>\n\n\n\n<p>Tras r\u00e1pido accionar de los efectivos, al llegar al lugar el agresor es reducido y aprehendido traslad\u00e1ndolo a la dependencia local.<\/p>\n\n\n\n<p>Para con la victima fue asistida en la Comisaria de la Mujer y Familia constat\u00e1ndose lesionada.<\/p>\n\n\n\n<p>Recordemos que la l\u00ednea 144 brinda atenci\u00f3n telef\u00f3nica especializada a mujeres v\u00edctimas de violencia de g\u00e9nero durante las 24 horas, los 365 d\u00edas del a\u00f1o. Es\u00a0an\u00f3nima, gratuita y nacional.<\/p>\n\n\n\n<p>Ofrece informaci\u00f3n, contenci\u00f3n y asesoramiento en aquellas tem\u00e1ticas relacionadas con la violencia f\u00edsica, psicol\u00f3gica, sexual, econ\u00f3mica y patrimonial, y simb\u00f3lica. Su objetivo es acompa\u00f1arte en las distintas situaciones que est\u00e9s atravesando, ya sea\u00a0antes, durante o despu\u00e9s de un episodio de violencia.<\/p>\n","protected":false},"excerpt":{"rendered":"<p>El hecho se produjo en una vivienda de calle Brenan al 1500, el masculino mayor de edad agredi\u00f3 f\u00edsicamente a su pareja femenina. Fue aprehendido tras r\u00e1pido accionar policial. La alerta se recibi\u00f3 esta madrugada cuando una femenina estaba siendo victima de violencia de genero, su pareja la estaba agrediendo f\u00edsicamente. Tras r\u00e1pido accionar de [&hellip;]<\/p>\n","protected":false},"author":4,"featured_media":57448,"comment_status":"open","ping_status":"closed","sticky":false,"template":"","format":"standard","meta":{"om_disable_all_campaigns":false,"_jetpack_memberships_contains_paid_content":false,"footnotes":""},"categories":[2,103],"tags":[],"class_list":["post-59629","post","type-post","status-publish","format-standard","has-post-thumbnail","hentry","category-locales","category-policiales-locales"],"aioseo_notices":[],"gutentor_comment":0,"jetpack_featured_media_url":"https:\/\/eldiariodesanpedro.com.ar\/sitio\/wp-content\/uploads\/2019\/08\/violencia-genero-cordoba-numeros.jpg","jetpack_shortlink":"https:\/\/wp.me\/p6RhLt-fvL","jetpack_sharing_enabled":true,"_links":{"self":[{"href":"https:\/\/eldiariodesanpedro.com.ar\/sitio\/wp-json\/wp\/v2\/posts\/59629","targetHints":{"allow":["GET"]}}],"collection":[{"href":"https:\/\/eldiariodesanpedro.com.ar\/sitio\/wp-json\/wp\/v2\/posts"}],"about":[{"href":"https:\/\/eldiariodesanpedro.com.ar\/sitio\/wp-json\/wp\/v2\/types\/post"}],"author":[{"embeddable":true,"href":"https:\/\/eldiariodesanpedro.com.ar\/sitio\/wp-json\/wp\/v2\/users\/4"}],"replies":[{"embeddable":true,"href":"https:\/\/eldiariodesanpedro.com.ar\/sitio\/wp-json\/wp\/v2\/comments?post=59629"}],"version-history":[{"count":1,"href":"https:\/\/eldiariodesanpedro.com.ar\/sitio\/wp-json\/wp\/v2\/posts\/59629\/revisions"}],"predecessor-version":[{"id":59631,"href":"https:\/\/eldiariodesanpedro.com.ar\/sitio\/wp-json\/wp\/v2\/posts\/59629\/revisions\/59631"}],"wp:featuredmedia":[{"embeddable":true,"href":"https:\/\/eldiariodesanpedro.com.ar\/sitio\/wp-json\/wp\/v2\/media\/57448"}],"wp:attachment":[{"href":"https:\/\/eldiariodesanpedro.com.ar\/sitio\/wp-json\/wp\/v2\/media?parent=59629"}],"wp:term":[{"taxonomy":"category","embeddable":true,"href":"https:\/\/eldiariodesanpedro.com.ar\/sitio\/wp-json\/wp\/v2\/categories?post=59629"},{"taxonomy":"post_tag","embeddable":true,"href":"https:\/\/eldiariodesanpedro.com.ar\/sitio\/wp-json\/wp\/v2\/tags?post=59629"}],"curies":[{"name":"wp","href":"https:\/\/api.w.org\/{rel}","templated":true}]}}