{"id":59628,"date":"2019-09-09T10:04:18","date_gmt":"2019-09-09T13:04:18","guid":{"rendered":"https:\/\/eldiariodesanpedro.com.ar\/sitio\/?p=59628"},"modified":"2019-09-09T10:07:10","modified_gmt":"2019-09-09T13:07:10","slug":"ramallo-motoqueros-solidarios-visitan-ramallo","status":"publish","type":"post","link":"https:\/\/eldiariodesanpedro.com.ar\/sitio\/ramallo-motoqueros-solidarios-visitan-ramallo\/","title":{"rendered":"RAMALLO | Motoqueros solidarios visitan Ramallo"},"content":{"rendered":"<!-- VideographyWP Plugin Message: Automatic video embedding prevented by plugin options. -->\n\n<p>El grupo de motociclistas \u201cRuteros del Alma\u201d visitaran este fin de semana Ramallo. Se trata de un grupo de motociclistas de distintos puntos del pa\u00eds que se re\u00fanen&nbsp; y realizan acciones solidarias en los lugares que visita.<\/p>\n\n\n\n<p>Este domingo por la ma\u00f1ana recorrer\u00e1n las calles de Ramallo y Villa Ramallo. Primero ingresar\u00e1n a Villa Ramallo, luego la caravana se traslada hacia la zona de la costa de Ramallo. All\u00ed pasar\u00e1n la tarde.<\/p>\n\n\n\n<p>Adem\u00e1s est\u00e1 previsto que entreguen donaciones de alimentos no perecederos al comedor \u201cTodo Coraz\u00f3n\u201d de la ciudad de Ramallo.<\/p>\n\n\n\n<p>Fuente: Ramallo Ciudad<\/p>\n","protected":false},"excerpt":{"rendered":"<p>El grupo de motociclistas \u201cRuteros del Alma\u201d visitaran este fin de semana Ramallo. Se trata de un grupo de motociclistas de distintos puntos del pa\u00eds que se re\u00fanen&nbsp; y realizan acciones solidarias en los lugares que visita. Este domingo por la ma\u00f1ana recorrer\u00e1n las calles de Ramallo y Villa Ramallo. Primero ingresar\u00e1n a Villa Ramallo, [&hellip;]<\/p>\n","protected":false},"author":4,"featured_media":59633,"comment_status":"open","ping_status":"closed","sticky":false,"template":"","format":"standard","meta":{"om_disable_all_campaigns":false,"_jetpack_memberships_contains_paid_content":false,"footnotes":""},"categories":[621],"tags":[],"class_list":["post-59628","post","type-post","status-publish","format-standard","has-post-thumbnail","hentry","category-regionales"],"aioseo_notices":[],"gutentor_comment":0,"jetpack_featured_media_url":"https:\/\/eldiariodesanpedro.com.ar\/sitio\/wp-content\/uploads\/2019\/09\/bbx_154586571_1_moto__1_.jpg","jetpack_shortlink":"https:\/\/wp.me\/p6RhLt-fvK","jetpack_sharing_enabled":true,"_links":{"self":[{"href":"https:\/\/eldiariodesanpedro.com.ar\/sitio\/wp-json\/wp\/v2\/posts\/59628","targetHints":{"allow":["GET"]}}],"collection":[{"href":"https:\/\/eldiariodesanpedro.com.ar\/sitio\/wp-json\/wp\/v2\/posts"}],"about":[{"href":"https:\/\/eldiariodesanpedro.com.ar\/sitio\/wp-json\/wp\/v2\/types\/post"}],"author":[{"embeddable":true,"href":"https:\/\/eldiariodesanpedro.com.ar\/sitio\/wp-json\/wp\/v2\/users\/4"}],"replies":[{"embeddable":true,"href":"https:\/\/eldiariodesanpedro.com.ar\/sitio\/wp-json\/wp\/v2\/comments?post=59628"}],"version-history":[{"count":1,"href":"https:\/\/eldiariodesanpedro.com.ar\/sitio\/wp-json\/wp\/v2\/posts\/59628\/revisions"}],"predecessor-version":[{"id":59630,"href":"https:\/\/eldiariodesanpedro.com.ar\/sitio\/wp-json\/wp\/v2\/posts\/59628\/revisions\/59630"}],"wp:featuredmedia":[{"embeddable":true,"href":"https:\/\/eldiariodesanpedro.com.ar\/sitio\/wp-json\/wp\/v2\/media\/59633"}],"wp:attachment":[{"href":"https:\/\/eldiariodesanpedro.com.ar\/sitio\/wp-json\/wp\/v2\/media?parent=59628"}],"wp:term":[{"taxonomy":"category","embeddable":true,"href":"https:\/\/eldiariodesanpedro.com.ar\/sitio\/wp-json\/wp\/v2\/categories?post=59628"},{"taxonomy":"post_tag","embeddable":true,"href":"https:\/\/eldiariodesanpedro.com.ar\/sitio\/wp-json\/wp\/v2\/tags?post=59628"}],"curies":[{"name":"wp","href":"https:\/\/api.w.org\/{rel}","templated":true}]}}