{"id":59616,"date":"2019-09-09T09:10:44","date_gmt":"2019-09-09T12:10:44","guid":{"rendered":"https:\/\/eldiariodesanpedro.com.ar\/sitio\/?p=59616"},"modified":"2019-09-09T09:19:21","modified_gmt":"2019-09-09T12:19:21","slug":"ester-noat-la-costa-de-san-pedro-se-convirtio-en-un-negocio-inmobiliario","status":"publish","type":"post","link":"https:\/\/eldiariodesanpedro.com.ar\/sitio\/ester-noat-la-costa-de-san-pedro-se-convirtio-en-un-negocio-inmobiliario\/","title":{"rendered":"Ester Noat: \u00abLa costa de San Pedro se convirti\u00f3 en un negocio inmobiliario\u00bb"},"content":{"rendered":"<!-- VideographyWP Plugin Message: Automatic video embedding prevented by plugin options. -->\n\n<p> La candidata a Intendenta del Frente de Todos, expreso desde su red social un comunicado en referencia al proyecto del gobierno municipal en la costa de San Pedro y ademas hizo un pedido a la ciudad, \u00abdesde nuestro frente pol\u00edtico llamamos a los sampedrinos a resistir las decisiones pol\u00edticas que tiendan a hipotecarnos el patrimonio p\u00fablico en beneficio de los negocios para pocos\u00bb. <\/p>\n\n\n\n<figure class=\"wp-block-image\"><img decoding=\"async\" width=\"960\" height=\"720\" data-attachment-id=\"59618\" data-permalink=\"https:\/\/eldiariodesanpedro.com.ar\/sitio\/ester-noat-la-costa-de-san-pedro-se-convirtio-en-un-negocio-inmobiliario\/70641066_10215467867391894_447504092953051136_n\/\" data-orig-file=\"https:\/\/eldiariodesanpedro.com.ar\/sitio\/wp-content\/uploads\/2019\/09\/70641066_10215467867391894_447504092953051136_n.jpg\" data-orig-size=\"960,720\" data-comments-opened=\"1\" data-image-meta=\"{&quot;aperture&quot;:&quot;0&quot;,&quot;credit&quot;:&quot;&quot;,&quot;camera&quot;:&quot;&quot;,&quot;caption&quot;:&quot;&quot;,&quot;created_timestamp&quot;:&quot;0&quot;,&quot;copyright&quot;:&quot;&quot;,&quot;focal_length&quot;:&quot;0&quot;,&quot;iso&quot;:&quot;0&quot;,&quot;shutter_speed&quot;:&quot;0&quot;,&quot;title&quot;:&quot;&quot;,&quot;orientation&quot;:&quot;0&quot;}\" data-image-title=\"70641066_10215467867391894_447504092953051136_n\" data-image-description=\"\" data-image-caption=\"\" data-large-file=\"https:\/\/eldiariodesanpedro.com.ar\/sitio\/wp-content\/uploads\/2019\/09\/70641066_10215467867391894_447504092953051136_n.jpg\" data-src=\"https:\/\/eldiariodesanpedro.com.ar\/sitio\/wp-content\/uploads\/2019\/09\/70641066_10215467867391894_447504092953051136_n.jpg\" alt=\"\" class=\"wp-image-59618 lazyload\" data-srcset=\"https:\/\/eldiariodesanpedro.com.ar\/sitio\/wp-content\/uploads\/2019\/09\/70641066_10215467867391894_447504092953051136_n.jpg 960w, https:\/\/eldiariodesanpedro.com.ar\/sitio\/wp-content\/uploads\/2019\/09\/70641066_10215467867391894_447504092953051136_n-300x225.jpg 300w, https:\/\/eldiariodesanpedro.com.ar\/sitio\/wp-content\/uploads\/2019\/09\/70641066_10215467867391894_447504092953051136_n-768x576.jpg 768w\" data-sizes=\"(max-width: 960px) 100vw, 960px\" src=\"data:image\/svg+xml;base64,PHN2ZyB3aWR0aD0iMSIgaGVpZ2h0PSIxIiB4bWxucz0iaHR0cDovL3d3dy53My5vcmcvMjAwMC9zdmciPjwvc3ZnPg==\" style=\"--smush-placeholder-width: 960px; --smush-placeholder-aspect-ratio: 960\/720;\" \/><\/figure>\n\n\n\n<p>Este domingo, luego de la Inauguraci\u00f3n del Pasaje Carlos Agenor Almada, se  conocio un comunicado donde la precandidata expresaba su malestar por las obras realizadas en nuestra costa sampedrina asegurando que son emprendimientos privados para empresarios. <\/p>\n\n\n\n<p>El texto lleva el nombre  \u00abLa costa de San Pedro es de todos\u00bb <\/p>\n\n\n\n<p>\u00abLa pretensi\u00f3n del gobierno municipal de ofrecer sectores de la costa de nuestra ciudad para emprendimientos privados me obliga a expresarme con urgencia en torno al tema y en forma abierta a todos los sampedrinos.<\/p>\n\n\n\n<p>Estamos hablando de la posibilidad de que el predio del ex Balneario Municipal, hoy desmantelado casi en su totalidad sin criterio hist\u00f3rico y sin previa consulta a las fuerzas vivas de la comunidad, se convierta en un negocio inmobiliario para beneficiar a inversores privados.<\/p>\n\n\n\n<p>El gobierno comunal y el Intendente Cecilio Salazar han lanzado esta cruzada con el argumento enga\u00f1oso de llevar adelante una obra deseada por la ciudadan\u00eda porque es un progreso para el sector tur\u00edstico. <\/p>\n\n\n\n<p>Nosotros decimos que es la entrega de espacio costero a capitales privados que desplegar\u00e1n sus negocios para lucrar con el patrimonio de todos los sampedrinos.<\/p>\n\n\n\n<p>Este a\u00f1o se cumplen 20 de la inauguraci\u00f3n del Paseo P\u00fablico Municipal. Se cre\u00f3 porque quienes gobernaban entonces -gesti\u00f3n de la que form\u00e9 parte- decidieron abrir la costa ofreciendo un hermoso espacio natural a los sampedrinos, pero tambi\u00e9n a todos los visitantes y turistas.<\/p>\n\n\n\n<p> Todav\u00eda hoy es un orgullo para todas y todos los habitantes de esta zona porque es el s\u00edmbolo de la recuperaci\u00f3n de la ribera del Paran\u00e1, no s\u00f3lo para el disfrute en forma gratuita de nuestra costa, sino tambi\u00e9n para promocionar la ciudad como destino vacacional; conforma adem\u00e1s un importante ecosistema natural y es el espacio donde se desarrollan fiestas populares, encuentros deportivos, ferias de emprendedores, paseos escolares y un sinf\u00edn de actividades a lo largo del a\u00f1o.<\/p>\n\n\n\n<figure class=\"wp-block-image\"><img decoding=\"async\" width=\"750\" height=\"400\" data-attachment-id=\"59617\" data-permalink=\"https:\/\/eldiariodesanpedro.com.ar\/sitio\/ester-noat-la-costa-de-san-pedro-se-convirtio-en-un-negocio-inmobiliario\/20228910_1984892161796251_3915199216600444739_n\/\" data-orig-file=\"https:\/\/eldiariodesanpedro.com.ar\/sitio\/wp-content\/uploads\/2019\/09\/20228910_1984892161796251_3915199216600444739_n.jpg\" data-orig-size=\"750,400\" data-comments-opened=\"1\" data-image-meta=\"{&quot;aperture&quot;:&quot;0&quot;,&quot;credit&quot;:&quot;&quot;,&quot;camera&quot;:&quot;&quot;,&quot;caption&quot;:&quot;&quot;,&quot;created_timestamp&quot;:&quot;0&quot;,&quot;copyright&quot;:&quot;&quot;,&quot;focal_length&quot;:&quot;0&quot;,&quot;iso&quot;:&quot;0&quot;,&quot;shutter_speed&quot;:&quot;0&quot;,&quot;title&quot;:&quot;&quot;,&quot;orientation&quot;:&quot;0&quot;}\" data-image-title=\"20228910_1984892161796251_3915199216600444739_n\" data-image-description=\"\" data-image-caption=\"\" data-large-file=\"https:\/\/eldiariodesanpedro.com.ar\/sitio\/wp-content\/uploads\/2019\/09\/20228910_1984892161796251_3915199216600444739_n.jpg\" data-src=\"https:\/\/eldiariodesanpedro.com.ar\/sitio\/wp-content\/uploads\/2019\/09\/20228910_1984892161796251_3915199216600444739_n.jpg\" alt=\"\" class=\"wp-image-59617 lazyload\" data-srcset=\"https:\/\/eldiariodesanpedro.com.ar\/sitio\/wp-content\/uploads\/2019\/09\/20228910_1984892161796251_3915199216600444739_n.jpg 750w, https:\/\/eldiariodesanpedro.com.ar\/sitio\/wp-content\/uploads\/2019\/09\/20228910_1984892161796251_3915199216600444739_n-300x160.jpg 300w\" data-sizes=\"(max-width: 750px) 100vw, 750px\" src=\"data:image\/svg+xml;base64,PHN2ZyB3aWR0aD0iMSIgaGVpZ2h0PSIxIiB4bWxucz0iaHR0cDovL3d3dy53My5vcmcvMjAwMC9zdmciPjwvc3ZnPg==\" style=\"--smush-placeholder-width: 750px; --smush-placeholder-aspect-ratio: 750\/400;\" \/><\/figure>\n\n\n\n<p>Creemos con firmeza y convicci\u00f3n que debemos garantizar m\u00e1s zonas libres en la costa de nuestro r\u00edo. <\/p>\n\n\n\n<p>Me comprometo a representar la defensa indeclinable de nuestra costa, nuestro r\u00edo y nuestra maravillosa naturaleza. Siempre me van a encontrar en esta lucha.<\/p>\n\n\n\n<p>Ester Noat<\/p>\n","protected":false},"excerpt":{"rendered":"<p>La candidata a Intendenta del Frente de Todos, expreso desde su red social un comunicado en referencia al proyecto del gobierno municipal en la costa de San Pedro y ademas hizo un pedido a la ciudad, \u00abdesde nuestro frente pol\u00edtico llamamos a los sampedrinos a resistir las decisiones pol\u00edticas que tiendan a hipotecarnos el patrimonio [&hellip;]<\/p>\n","protected":false},"author":4,"featured_media":59619,"comment_status":"open","ping_status":"closed","sticky":false,"template":"","format":"standard","meta":{"om_disable_all_campaigns":false,"_jetpack_memberships_contains_paid_content":false,"footnotes":""},"categories":[2,102],"tags":[],"class_list":["post-59616","post","type-post","status-publish","format-standard","has-post-thumbnail","hentry","category-locales","category-politica-locales"],"aioseo_notices":[],"gutentor_comment":0,"jetpack_featured_media_url":"https:\/\/eldiariodesanpedro.com.ar\/sitio\/wp-content\/uploads\/2019\/09\/69708936_414087545897126_12870445028081664_n.jpg","jetpack_shortlink":"https:\/\/wp.me\/p6RhLt-fvy","jetpack_sharing_enabled":true,"_links":{"self":[{"href":"https:\/\/eldiariodesanpedro.com.ar\/sitio\/wp-json\/wp\/v2\/posts\/59616","targetHints":{"allow":["GET"]}}],"collection":[{"href":"https:\/\/eldiariodesanpedro.com.ar\/sitio\/wp-json\/wp\/v2\/posts"}],"about":[{"href":"https:\/\/eldiariodesanpedro.com.ar\/sitio\/wp-json\/wp\/v2\/types\/post"}],"author":[{"embeddable":true,"href":"https:\/\/eldiariodesanpedro.com.ar\/sitio\/wp-json\/wp\/v2\/users\/4"}],"replies":[{"embeddable":true,"href":"https:\/\/eldiariodesanpedro.com.ar\/sitio\/wp-json\/wp\/v2\/comments?post=59616"}],"version-history":[{"count":3,"href":"https:\/\/eldiariodesanpedro.com.ar\/sitio\/wp-json\/wp\/v2\/posts\/59616\/revisions"}],"predecessor-version":[{"id":59622,"href":"https:\/\/eldiariodesanpedro.com.ar\/sitio\/wp-json\/wp\/v2\/posts\/59616\/revisions\/59622"}],"wp:featuredmedia":[{"embeddable":true,"href":"https:\/\/eldiariodesanpedro.com.ar\/sitio\/wp-json\/wp\/v2\/media\/59619"}],"wp:attachment":[{"href":"https:\/\/eldiariodesanpedro.com.ar\/sitio\/wp-json\/wp\/v2\/media?parent=59616"}],"wp:term":[{"taxonomy":"category","embeddable":true,"href":"https:\/\/eldiariodesanpedro.com.ar\/sitio\/wp-json\/wp\/v2\/categories?post=59616"},{"taxonomy":"post_tag","embeddable":true,"href":"https:\/\/eldiariodesanpedro.com.ar\/sitio\/wp-json\/wp\/v2\/tags?post=59616"}],"curies":[{"name":"wp","href":"https:\/\/api.w.org\/{rel}","templated":true}]}}