{"id":59603,"date":"2019-09-07T12:40:26","date_gmt":"2019-09-07T15:40:26","guid":{"rendered":"https:\/\/eldiariodesanpedro.com.ar\/sitio\/?p=59603"},"modified":"2019-09-07T12:40:31","modified_gmt":"2019-09-07T15:40:31","slug":"candela-volvio-a-su-casa","status":"publish","type":"post","link":"https:\/\/eldiariodesanpedro.com.ar\/sitio\/candela-volvio-a-su-casa\/","title":{"rendered":"Candela volvi\u00f3 a su casa"},"content":{"rendered":"<!-- VideographyWP Plugin Message: Automatic video embedding prevented by plugin options. -->\n\n<p>La menor que estaba siendo intensamente buscada volvi\u00f3 a la casa de su mama donde reside.<\/p>\n\n\n\n<p>La menor de 16 a\u00f1os de edad habr\u00eda salido a bailar por la noche de este viernes y no volvi\u00f3 a su casa.<\/p>\n\n\n\n<p>Ante la ausencia de la adolescente familiares radicaron la denuncia y a trav\u00e9s de las redes sociales publicaron fotos solicitando ayuda de su paradero.<\/p>\n\n\n\n<p>Lo cierto es que la ni\u00f1a volvi\u00f3 a su casa sola, dialogamos con su progenitor quien nos cont\u00f3,\u00bb gracias a Dios esta bien, salio a bailar anoche y como perdi\u00f3 a sus amigas se fue con otra chica a dormir a la casa, hizo mal en no avisarnos, pero ya esta con su mama, gracias a todos por compartir\u00bb.<\/p>\n","protected":false},"excerpt":{"rendered":"<p>La menor que estaba siendo intensamente buscada volvi\u00f3 a la casa de su mama donde reside. La menor de 16 a\u00f1os de edad habr\u00eda salido a bailar por la noche de este viernes y no volvi\u00f3 a su casa. Ante la ausencia de la adolescente familiares radicaron la denuncia y a trav\u00e9s de las redes [&hellip;]<\/p>\n","protected":false},"author":4,"featured_media":58374,"comment_status":"open","ping_status":"closed","sticky":false,"template":"","format":"standard","meta":{"om_disable_all_campaigns":false,"_jetpack_memberships_contains_paid_content":false,"footnotes":""},"categories":[2,103],"tags":[],"class_list":["post-59603","post","type-post","status-publish","format-standard","has-post-thumbnail","hentry","category-locales","category-policiales-locales"],"aioseo_notices":[],"gutentor_comment":0,"jetpack_featured_media_url":"https:\/\/eldiariodesanpedro.com.ar\/sitio\/wp-content\/uploads\/2019\/08\/comisaria-696x510.jpg","jetpack_shortlink":"https:\/\/wp.me\/p6RhLt-fvl","jetpack_sharing_enabled":true,"_links":{"self":[{"href":"https:\/\/eldiariodesanpedro.com.ar\/sitio\/wp-json\/wp\/v2\/posts\/59603","targetHints":{"allow":["GET"]}}],"collection":[{"href":"https:\/\/eldiariodesanpedro.com.ar\/sitio\/wp-json\/wp\/v2\/posts"}],"about":[{"href":"https:\/\/eldiariodesanpedro.com.ar\/sitio\/wp-json\/wp\/v2\/types\/post"}],"author":[{"embeddable":true,"href":"https:\/\/eldiariodesanpedro.com.ar\/sitio\/wp-json\/wp\/v2\/users\/4"}],"replies":[{"embeddable":true,"href":"https:\/\/eldiariodesanpedro.com.ar\/sitio\/wp-json\/wp\/v2\/comments?post=59603"}],"version-history":[{"count":1,"href":"https:\/\/eldiariodesanpedro.com.ar\/sitio\/wp-json\/wp\/v2\/posts\/59603\/revisions"}],"predecessor-version":[{"id":59604,"href":"https:\/\/eldiariodesanpedro.com.ar\/sitio\/wp-json\/wp\/v2\/posts\/59603\/revisions\/59604"}],"wp:featuredmedia":[{"embeddable":true,"href":"https:\/\/eldiariodesanpedro.com.ar\/sitio\/wp-json\/wp\/v2\/media\/58374"}],"wp:attachment":[{"href":"https:\/\/eldiariodesanpedro.com.ar\/sitio\/wp-json\/wp\/v2\/media?parent=59603"}],"wp:term":[{"taxonomy":"category","embeddable":true,"href":"https:\/\/eldiariodesanpedro.com.ar\/sitio\/wp-json\/wp\/v2\/categories?post=59603"},{"taxonomy":"post_tag","embeddable":true,"href":"https:\/\/eldiariodesanpedro.com.ar\/sitio\/wp-json\/wp\/v2\/tags?post=59603"}],"curies":[{"name":"wp","href":"https:\/\/api.w.org\/{rel}","templated":true}]}}