{"id":59595,"date":"2019-09-07T12:23:23","date_gmt":"2019-09-07T15:23:23","guid":{"rendered":"https:\/\/eldiariodesanpedro.com.ar\/sitio\/?p=59595"},"modified":"2019-09-07T12:23:27","modified_gmt":"2019-09-07T15:23:27","slug":"efectuaron-disparos-en-una-vivienda","status":"publish","type":"post","link":"https:\/\/eldiariodesanpedro.com.ar\/sitio\/efectuaron-disparos-en-una-vivienda\/","title":{"rendered":"Efectuaron disparos en una vivienda"},"content":{"rendered":"<!-- VideographyWP Plugin Message: Automatic video embedding prevented by plugin options. -->\n\n<p>Sucedi\u00f3 a primeras horas de esta madrugada, un ciudadano se dirig\u00eda para su domicilio de calle Molina  y es sorprendido por sus vecinos quienes le efect\u00faan disparos sin mediar palabras sin llegar a ser lesionado. Esta propiedad es la que horas despu\u00e9s fue destruida por el fuego.<\/p>\n\n\n\n<p>Por causas que se encuentran en materia de investigacion, un ciudadano radico su denuncia en la comisaria local contando que en circunstancias que se dirig\u00eda a su domicilio, dos sujetos con frondosos antecedentes que residen en el mismo lugar, con armas de fuego de construcci\u00f3n caseras (tumberas) amenazan y efect\u00faan disparos con las mismas sin mediar palabra, no logrando causar lesiones. <\/p>\n\n\n\n<p>Se tratar\u00eda del mismo conflicto que fue de publico conocimiento cuando horas despu\u00e9s bomberos acudi\u00f3 al lugar  donde se encontraba la vivienda totalmente tomada por el fugo.<\/p>\n","protected":false},"excerpt":{"rendered":"<p>Sucedi\u00f3 a primeras horas de esta madrugada, un ciudadano se dirig\u00eda para su domicilio de calle Molina y es sorprendido por sus vecinos quienes le efect\u00faan disparos sin mediar palabras sin llegar a ser lesionado. Esta propiedad es la que horas despu\u00e9s fue destruida por el fuego. Por causas que se encuentran en materia de [&hellip;]<\/p>\n","protected":false},"author":4,"featured_media":59599,"comment_status":"open","ping_status":"closed","sticky":false,"template":"","format":"standard","meta":{"om_disable_all_campaigns":false,"_jetpack_memberships_contains_paid_content":false,"footnotes":""},"categories":[2,103],"tags":[],"class_list":["post-59595","post","type-post","status-publish","format-standard","has-post-thumbnail","hentry","category-locales","category-policiales-locales"],"aioseo_notices":[],"gutentor_comment":0,"jetpack_featured_media_url":"https:\/\/eldiariodesanpedro.com.ar\/sitio\/wp-content\/uploads\/2019\/09\/armas-5-696x435-1.jpg","jetpack_shortlink":"https:\/\/wp.me\/p6RhLt-fvd","jetpack_sharing_enabled":true,"_links":{"self":[{"href":"https:\/\/eldiariodesanpedro.com.ar\/sitio\/wp-json\/wp\/v2\/posts\/59595","targetHints":{"allow":["GET"]}}],"collection":[{"href":"https:\/\/eldiariodesanpedro.com.ar\/sitio\/wp-json\/wp\/v2\/posts"}],"about":[{"href":"https:\/\/eldiariodesanpedro.com.ar\/sitio\/wp-json\/wp\/v2\/types\/post"}],"author":[{"embeddable":true,"href":"https:\/\/eldiariodesanpedro.com.ar\/sitio\/wp-json\/wp\/v2\/users\/4"}],"replies":[{"embeddable":true,"href":"https:\/\/eldiariodesanpedro.com.ar\/sitio\/wp-json\/wp\/v2\/comments?post=59595"}],"version-history":[{"count":1,"href":"https:\/\/eldiariodesanpedro.com.ar\/sitio\/wp-json\/wp\/v2\/posts\/59595\/revisions"}],"predecessor-version":[{"id":59600,"href":"https:\/\/eldiariodesanpedro.com.ar\/sitio\/wp-json\/wp\/v2\/posts\/59595\/revisions\/59600"}],"wp:featuredmedia":[{"embeddable":true,"href":"https:\/\/eldiariodesanpedro.com.ar\/sitio\/wp-json\/wp\/v2\/media\/59599"}],"wp:attachment":[{"href":"https:\/\/eldiariodesanpedro.com.ar\/sitio\/wp-json\/wp\/v2\/media?parent=59595"}],"wp:term":[{"taxonomy":"category","embeddable":true,"href":"https:\/\/eldiariodesanpedro.com.ar\/sitio\/wp-json\/wp\/v2\/categories?post=59595"},{"taxonomy":"post_tag","embeddable":true,"href":"https:\/\/eldiariodesanpedro.com.ar\/sitio\/wp-json\/wp\/v2\/tags?post=59595"}],"curies":[{"name":"wp","href":"https:\/\/api.w.org\/{rel}","templated":true}]}}