{"id":59592,"date":"2019-09-07T11:56:48","date_gmt":"2019-09-07T14:56:48","guid":{"rendered":"https:\/\/eldiariodesanpedro.com.ar\/sitio\/?p=59592"},"modified":"2019-09-07T11:56:52","modified_gmt":"2019-09-07T14:56:52","slug":"candela-esta-siendo-buscada-por-su-familia","status":"publish","type":"post","link":"https:\/\/eldiariodesanpedro.com.ar\/sitio\/candela-esta-siendo-buscada-por-su-familia\/","title":{"rendered":"Candela esta siendo buscada por su familia"},"content":{"rendered":"<!-- VideographyWP Plugin Message: Automatic video embedding prevented by plugin options. -->\n\n<p>Esta ma\u00f1ana la familia de la menor radico la denuncia en la dependencia local de que la adolescente habr\u00eda salido a bailar y no volvi\u00f3 a su casa.<\/p>\n\n\n\n<p>\u00abCande salio con sus amigas a bailar al boliche Club Zero,  una vez adentro se desencontraron. A la salida mi hija no aparecio, no sabemos donde esta, ya radicamos la denuncia y estamos busc\u00e1ndola\u00bb, cont\u00f3 a nuestra redacci\u00f3n su pap\u00e1.<\/p>\n\n\n\n<p>Ademas agrego, \u00abella vest\u00eda campera blanca, remera y pollera negra\u00bb .<\/p>\n\n\n\n<p>Candela Mora, tiene 16 a\u00f1os de edad y fue vista por ultima vez en el local bailable Club Zero, cualquier informaci\u00f3n comunicarse al tel\u00e9fono 3329 609886 o a la dependencia local.<\/p>\n\n\n\n<iframe data-src=\"https:\/\/www.facebook.com\/plugins\/post.php?href=https%3A%2F%2Fwww.facebook.com%2Fpanaderia.vasquito%2Fposts%2F884213841971592&#038;width=500\" width=\"500\" height=\"708\" style=\"border:none;overflow:hidden\" scrolling=\"no\" frameborder=\"0\" allowTransparency=\"true\" allow=\"encrypted-media\" src=\"data:image\/svg+xml;base64,PHN2ZyB3aWR0aD0iMSIgaGVpZ2h0PSIxIiB4bWxucz0iaHR0cDovL3d3dy53My5vcmcvMjAwMC9zdmciPjwvc3ZnPg==\" class=\"lazyload\" data-load-mode=\"1\"><\/iframe>\n","protected":false},"excerpt":{"rendered":"<p>Esta ma\u00f1ana la familia de la menor radico la denuncia en la dependencia local de que la adolescente habr\u00eda salido a bailar y no volvi\u00f3 a su casa. \u00abCande salio con sus amigas a bailar al boliche Club Zero, una vez adentro se desencontraron. A la salida mi hija no aparecio, no sabemos donde esta, [&hellip;]<\/p>\n","protected":false},"author":4,"featured_media":59593,"comment_status":"open","ping_status":"closed","sticky":false,"template":"","format":"standard","meta":{"om_disable_all_campaigns":false,"_jetpack_memberships_contains_paid_content":false,"footnotes":""},"categories":[50,2,103],"tags":[],"class_list":["post-59592","post","type-post","status-publish","format-standard","has-post-thumbnail","hentry","category-destacadas","category-locales","category-policiales-locales"],"aioseo_notices":[],"gutentor_comment":0,"jetpack_featured_media_url":"https:\/\/eldiariodesanpedro.com.ar\/sitio\/wp-content\/uploads\/2019\/09\/69839671_884211131971863_3227685656863965184_n.jpg","jetpack_shortlink":"https:\/\/wp.me\/p6RhLt-fva","jetpack_sharing_enabled":true,"_links":{"self":[{"href":"https:\/\/eldiariodesanpedro.com.ar\/sitio\/wp-json\/wp\/v2\/posts\/59592","targetHints":{"allow":["GET"]}}],"collection":[{"href":"https:\/\/eldiariodesanpedro.com.ar\/sitio\/wp-json\/wp\/v2\/posts"}],"about":[{"href":"https:\/\/eldiariodesanpedro.com.ar\/sitio\/wp-json\/wp\/v2\/types\/post"}],"author":[{"embeddable":true,"href":"https:\/\/eldiariodesanpedro.com.ar\/sitio\/wp-json\/wp\/v2\/users\/4"}],"replies":[{"embeddable":true,"href":"https:\/\/eldiariodesanpedro.com.ar\/sitio\/wp-json\/wp\/v2\/comments?post=59592"}],"version-history":[{"count":1,"href":"https:\/\/eldiariodesanpedro.com.ar\/sitio\/wp-json\/wp\/v2\/posts\/59592\/revisions"}],"predecessor-version":[{"id":59594,"href":"https:\/\/eldiariodesanpedro.com.ar\/sitio\/wp-json\/wp\/v2\/posts\/59592\/revisions\/59594"}],"wp:featuredmedia":[{"embeddable":true,"href":"https:\/\/eldiariodesanpedro.com.ar\/sitio\/wp-json\/wp\/v2\/media\/59593"}],"wp:attachment":[{"href":"https:\/\/eldiariodesanpedro.com.ar\/sitio\/wp-json\/wp\/v2\/media?parent=59592"}],"wp:term":[{"taxonomy":"category","embeddable":true,"href":"https:\/\/eldiariodesanpedro.com.ar\/sitio\/wp-json\/wp\/v2\/categories?post=59592"},{"taxonomy":"post_tag","embeddable":true,"href":"https:\/\/eldiariodesanpedro.com.ar\/sitio\/wp-json\/wp\/v2\/tags?post=59592"}],"curies":[{"name":"wp","href":"https:\/\/api.w.org\/{rel}","templated":true}]}}